{"id":390,"date":"2026-08-31T12:20:51","date_gmt":"2026-08-31T09:20:51","guid":{"rendered":"https:\/\/www.knn.net.tr\/?p=390"},"modified":"2026-08-31T12:23:10","modified_gmt":"2026-08-31T09:23:10","slug":"insanoglundaki-gizli-hastalik-haset","status":"publish","type":"post","link":"https:\/\/www.knn.net.tr\/index.php\/2026\/08\/31\/insanoglundaki-gizli-hastalik-haset\/","title":{"rendered":"\u0130nsano\u011flundaki Gizli Hastal\u0131k: Haset"},"content":{"rendered":"\n<p class=\"wp-block-paragraph\">Baz\u0131 hastal\u0131klar\u0131n belirtisi y\u00fcz\u00fcm\u00fczde g\u00f6r\u00fcnmez.<\/p>\n\n\n\n<p class=\"wp-block-paragraph\">Ate\u015fimiz yoktur, rengimiz solmaz, y\u00fcr\u00fcmeye devam ederiz. \u0130nsanlar bizi sa\u011fl\u0131kl\u0131 san\u0131r. Oysa i\u00e7imizde bir \u015fey \u00e7\u00fcr\u00fcmeye ba\u015flam\u0131\u015ft\u0131r.<\/p>\n\n\n\n<p class=\"wp-block-paragraph\">Kimse fark etmez.<\/p>\n\n\n\n<p class=\"wp-block-paragraph\">\u00c7\u00fcnk\u00fc bu hastal\u0131\u011f\u0131n ad\u0131 bazen k\u0131skan\u00e7l\u0131k de\u011fildir.<\/p>\n\n\n\n<p class=\"wp-block-paragraph\"><strong>Hasettir.<\/strong><\/p>\n\n\n\n<p class=\"wp-block-paragraph\">\u0130nsan\u0131n ba\u015fkas\u0131nda g\u00f6rd\u00fc\u011f\u00fc g\u00fczelli\u011fi kendi hayat\u0131na yap\u0131lm\u0131\u015f bir haks\u0131zl\u0131k gibi alg\u0131lamas\u0131d\u0131r.<\/p>\n\n\n\n<p class=\"wp-block-paragraph\">Bir ba\u015fkas\u0131n\u0131n y\u00fckseli\u015finden rahats\u0131z olmak, onun kazanc\u0131n\u0131 kendi kayb\u0131 sanmak, onun mutlulu\u011funun alt\u0131nda mutlaka bir kusur aramak\u2026<\/p>\n\n\n\n<p class=\"wp-block-paragraph\">Ve bunu yaparken kendimize bile itiraf edememek.<\/p>\n\n\n\n<p class=\"wp-block-paragraph\">\u0130nsano\u011flunun en tehlikeli taraflar\u0131ndan biri de budur.<\/p>\n\n\n\n<p class=\"wp-block-paragraph\">Kendi i\u00e7indeki k\u00f6t\u00fcl\u00fc\u011f\u00fc, g\u00fczel c\u00fcmlelerin arkas\u0131na saklayabilmek.<\/p>\n\n\n\n<p class=\"wp-block-paragraph\">\u201cBen k\u0131skanm\u0131yorum.\u201d<\/p>\n\n\n\n<p class=\"wp-block-paragraph\">\u201cBen sadece ger\u00e7e\u011fi s\u00f6yl\u00fcyorum.\u201d<\/p>\n\n\n\n<p class=\"wp-block-paragraph\">\u201cOnun da eksikleri var.\u201d<\/p>\n\n\n\n<p class=\"wp-block-paragraph\">\u201cBen olsam \u00f6yle yapmazd\u0131m.\u201d<\/p>\n\n\n\n<p class=\"wp-block-paragraph\">Bazen insan\u0131n a\u011fz\u0131ndan \u00e7\u0131kan her c\u00fcmle, i\u00e7indeki hasedin \u00fczerini \u00f6rten bir perde olur.<\/p>\n\n\n\n<p class=\"wp-block-paragraph\">\u00c7\u00fcnk\u00fc haset, insan\u0131 do\u011frudan d\u00fc\u015fman yapmaz.<\/p>\n\n\n\n<p class=\"wp-block-paragraph\">\u00d6nce dost gibi davranmay\u0131 \u00f6\u011fretir.<\/p>\n\n\n\n<p class=\"wp-block-paragraph\">Yan\u0131nda durursun ama i\u00e7inden d\u00fc\u015fmesini beklersin.<\/p>\n\n\n\n<p class=\"wp-block-paragraph\">Ba\u015far\u0131s\u0131n\u0131 tebrik edersin ama onun ba\u015far\u0131s\u0131n\u0131n devam etmesini istemezsin.<\/p>\n\n\n\n<p class=\"wp-block-paragraph\">G\u00fcl\u00fcmseyerek elini s\u0131kars\u0131n ama i\u00e7inden, \u201cBir g\u00fcn bunun sonu gelecek.\u201d dersin.<\/p>\n\n\n\n<p class=\"wp-block-paragraph\">\u0130\u015fte insan\u0131n kendisine yabanc\u0131la\u015ft\u0131\u011f\u0131 yer tam da buras\u0131d\u0131r.<\/p>\n\n\n\n<p class=\"wp-block-paragraph\">Y\u00fcz ba\u015fka s\u00f6yler, kalp ba\u015fka.<\/p>\n\n\n\n<p class=\"wp-block-paragraph\">Ve insan, kendi kalbindeki \u00e7\u00fcr\u00fcmeyi ba\u015fkas\u0131n\u0131n kusurlar\u0131yla gizlemeye \u00e7al\u0131\u015f\u0131r.<\/p>\n\n\n\n<hr class=\"wp-block-separator has-alpha-channel-opacity\"\/>\n\n\n\n<p class=\"wp-block-paragraph\">Haset eden insan asl\u0131nda ba\u015fkas\u0131n\u0131n sahip oldu\u011funa de\u011fil, <strong>kendisinin sahip olamad\u0131\u011f\u0131na<\/strong> \u00f6fkelenir.<\/p>\n\n\n\n<p class=\"wp-block-paragraph\">Ama bunu kabul etmek a\u011f\u0131r gelir.<\/p>\n\n\n\n<p class=\"wp-block-paragraph\">\u00c7\u00fcnk\u00fc insan\u0131n kendi eksikli\u011fini kabul etmesi, ba\u015fkas\u0131n\u0131n eksikli\u011fini aramas\u0131ndan \u00e7ok daha zordur.<\/p>\n\n\n\n<p class=\"wp-block-paragraph\">Bu y\u00fczden ba\u015fkas\u0131n\u0131n evine bakar.<\/p>\n\n\n\n<p class=\"wp-block-paragraph\">Ba\u015fkas\u0131n\u0131n paras\u0131na bakar.<\/p>\n\n\n\n<p class=\"wp-block-paragraph\">Ba\u015fkas\u0131n\u0131n makam\u0131na bakar.<\/p>\n\n\n\n<p class=\"wp-block-paragraph\">Ba\u015fkas\u0131n\u0131n ailesine, \u00e7evresine, itibar\u0131na, ba\u015far\u0131s\u0131na bakar.<\/p>\n\n\n\n<p class=\"wp-block-paragraph\">Sonra kendi hayat\u0131n\u0131 onun hayat\u0131yla \u00f6l\u00e7meye ba\u015flar.<\/p>\n\n\n\n<p class=\"wp-block-paragraph\">Ve \u00f6l\u00e7t\u00fck\u00e7e k\u00fc\u00e7\u00fcl\u00fcr.<\/p>\n\n\n\n<p class=\"wp-block-paragraph\">\u00c7\u00fcnk\u00fc insan\u0131n huzurunu bozan \u00e7o\u011fu zaman sahip olmad\u0131klar\u0131 de\u011fil, <strong>ba\u015fkas\u0131n\u0131n sahip olduklar\u0131d\u0131r.<\/strong><\/p>\n\n\n\n<p class=\"wp-block-paragraph\">Elindeki nimet art\u0131k yetmez.<\/p>\n\n\n\n<p class=\"wp-block-paragraph\">\u00c7\u00fcnk\u00fc ba\u015fka birinin elindeki daha b\u00fcy\u00fck g\u00f6r\u00fcnmektedir.<\/p>\n\n\n\n<p class=\"wp-block-paragraph\">Kendi hayat\u0131ndaki g\u00fczellikler s\u0131radanla\u015f\u0131r.<\/p>\n\n\n\n<p class=\"wp-block-paragraph\">\u00c7\u00fcnk\u00fc ba\u015fka birinin hayat\u0131 daha parlakt\u0131r.<\/p>\n\n\n\n<p class=\"wp-block-paragraph\">\u0130\u015fte haset insan\u0131n g\u00f6z\u00fcn\u00fc b\u00f6yle k\u00f6r eder.<\/p>\n\n\n\n<p class=\"wp-block-paragraph\">\u0130nsana kendi hayat\u0131n\u0131 unutturur.<\/p>\n\n\n\n<hr class=\"wp-block-separator has-alpha-channel-opacity\"\/>\n\n\n\n<p class=\"wp-block-paragraph\">As\u0131l ac\u0131 olan ise \u015fudur:<\/p>\n\n\n\n<p class=\"wp-block-paragraph\">Haset yaln\u0131zca d\u00fc\u015fmana kar\u015f\u0131 duyulmaz.<\/p>\n\n\n\n<p class=\"wp-block-paragraph\">Bazen en yak\u0131n\u0131ndakine duyulur.<\/p>\n\n\n\n<p class=\"wp-block-paragraph\">Ayn\u0131 masada oturdu\u011fun insana.<\/p>\n\n\n\n<p class=\"wp-block-paragraph\">Ayn\u0131 sokakta b\u00fcy\u00fcd\u00fc\u011f\u00fcn insana.<\/p>\n\n\n\n<p class=\"wp-block-paragraph\">\u00c7ocuklu\u011funu payla\u015ft\u0131\u011f\u0131n arkada\u015f\u0131na.<\/p>\n\n\n\n<p class=\"wp-block-paragraph\">Karde\u015fine.<\/p>\n\n\n\n<p class=\"wp-block-paragraph\">Kom\u015funa.<\/p>\n\n\n\n<p class=\"wp-block-paragraph\">Hatta bazen, elinden tuttu\u011fun insana.<\/p>\n\n\n\n<p class=\"wp-block-paragraph\">\u00c7\u00fcnk\u00fc insan\u0131n hasedi \u00e7o\u011fu zaman uzaklara de\u011fil, kendisine yak\u0131n olana y\u00f6nelir.<\/p>\n\n\n\n<p class=\"wp-block-paragraph\">\u201cBenimle ayn\u0131 yerdeydi, nas\u0131l oldu da benden ilerledi?\u201d<\/p>\n\n\n\n<p class=\"wp-block-paragraph\">\u0130\u015fte bu c\u00fcmle, hasedin en \u00e7\u0131plak halidir.<\/p>\n\n\n\n<p class=\"wp-block-paragraph\">\u0130nsan burada art\u0131k ba\u015fkas\u0131n\u0131n ba\u015far\u0131s\u0131n\u0131 de\u011fil, kendi ba\u015far\u0131s\u0131zl\u0131\u011f\u0131n\u0131 g\u00f6rmektedir.<\/p>\n\n\n\n<p class=\"wp-block-paragraph\">Ama bunu kabullenmek yerine, ba\u015far\u0131l\u0131 olan\u0131 a\u015fa\u011f\u0131 \u00e7ekmeye \u00e7al\u0131\u015f\u0131r.<\/p>\n\n\n\n<p class=\"wp-block-paragraph\">Onun eme\u011fini k\u00fc\u00e7\u00fcmser.<\/p>\n\n\n\n<p class=\"wp-block-paragraph\">\u015eans der.<\/p>\n\n\n\n<p class=\"wp-block-paragraph\">Torpil der.<\/p>\n\n\n\n<p class=\"wp-block-paragraph\">Tesad\u00fcf der.<\/p>\n\n\n\n<p class=\"wp-block-paragraph\">Bir kusur bulur.<\/p>\n\n\n\n<p class=\"wp-block-paragraph\">Bir a\u00e7\u0131k arar.<\/p>\n\n\n\n<p class=\"wp-block-paragraph\">Bir hata yakalar.<\/p>\n\n\n\n<p class=\"wp-block-paragraph\">\u00c7\u00fcnk\u00fc ba\u015fkas\u0131n\u0131 k\u00fc\u00e7\u00fclt\u00fcrse kendisinin b\u00fcy\u00fcyece\u011fini san\u0131r.<\/p>\n\n\n\n<p class=\"wp-block-paragraph\">Oysa yan\u0131l\u0131r.<\/p>\n\n\n\n<p class=\"wp-block-paragraph\"><strong>Ba\u015fkas\u0131n\u0131n boyunu e\u011fmek, insan\u0131 uzatmaz.<\/strong><\/p>\n\n\n\n<p class=\"wp-block-paragraph\">Ba\u015fkas\u0131n\u0131n \u0131\u015f\u0131\u011f\u0131n\u0131 s\u00f6nd\u00fcrmek, senin karanl\u0131\u011f\u0131n\u0131 ayd\u0131nlatmaz.<\/p>\n\n\n\n<p class=\"wp-block-paragraph\">Bir insan\u0131n d\u00fc\u015fmesi, seni y\u00fckseltmez.<\/p>\n\n\n\n<p class=\"wp-block-paragraph\">Bir insan\u0131n kaybetmesi, sana kazan\u00e7 sa\u011flamaz.<\/p>\n\n\n\n<p class=\"wp-block-paragraph\">Ama haset insana bunu anlatmaz.<\/p>\n\n\n\n<p class=\"wp-block-paragraph\">\u00c7\u00fcnk\u00fc haset akl\u0131n de\u011fil, nefsin konu\u015ftu\u011fu yerdir.<\/p>\n\n\n\n<hr class=\"wp-block-separator has-alpha-channel-opacity\"\/>\n\n\n\n<p class=\"wp-block-paragraph\">Belki de insan\u0131n kendisine sormas\u0131 gereken en a\u011f\u0131r soru \u015fudur:<\/p>\n\n\n\n<p class=\"wp-block-paragraph\"><strong>\u201cBen onun ba\u015far\u0131s\u0131z olmas\u0131n\u0131 m\u0131 istiyorum, yoksa onun ba\u015far\u0131s\u0131 bana kendi eksikli\u011fimi mi hat\u0131rlat\u0131yor?\u201d<\/strong><\/p>\n\n\n\n<p class=\"wp-block-paragraph\">Bu soruya d\u00fcr\u00fcst cevap verebilen insan, kendisiyle y\u00fczle\u015fmeye ba\u015flam\u0131\u015ft\u0131r.<\/p>\n\n\n\n<p class=\"wp-block-paragraph\">\u00c7\u00fcnk\u00fc bazen d\u00fc\u015fman sand\u0131\u011f\u0131m\u0131z ki\u015fi, bize yaln\u0131zca kendimizi g\u00f6stermektedir.<\/p>\n\n\n\n<p class=\"wp-block-paragraph\">Onun sahip olduklar\u0131 bizi rahats\u0131z ediyorsa, belki de sorun onda de\u011fildir.<\/p>\n\n\n\n<p class=\"wp-block-paragraph\">Sorun, bizim kendi hayat\u0131m\u0131za ne kadar yabanc\u0131la\u015ft\u0131\u011f\u0131m\u0131zdad\u0131r.<\/p>\n\n\n\n<p class=\"wp-block-paragraph\">Kendi yolumuzu b\u0131rak\u0131p ba\u015fkas\u0131n\u0131n yoluna bak\u0131yorsak, kaybolmu\u015fuz demektir.<\/p>\n\n\n\n<p class=\"wp-block-paragraph\">\u00c7\u00fcnk\u00fc herkesin zaman\u0131 ayn\u0131 de\u011fildir.<\/p>\n\n\n\n<p class=\"wp-block-paragraph\">Herkes ayn\u0131 yerden ba\u015flamaz.<\/p>\n\n\n\n<p class=\"wp-block-paragraph\">Herkes ayn\u0131 y\u00fck\u00fc ta\u015f\u0131maz.<\/p>\n\n\n\n<p class=\"wp-block-paragraph\">Herkesin nasibi, imtihan\u0131, zaman\u0131 ve yolu birbirinden farkl\u0131d\u0131r.<\/p>\n\n\n\n<p class=\"wp-block-paragraph\">Fakat biz bunlar\u0131 unutuyoruz.<\/p>\n\n\n\n<p class=\"wp-block-paragraph\">Ba\u015fkas\u0131n\u0131n sayfas\u0131na bak\u0131p kendi kitab\u0131m\u0131z\u0131 yarg\u0131l\u0131yoruz.<\/p>\n\n\n\n<p class=\"wp-block-paragraph\">Sonra da hayat\u0131n bize haks\u0131zl\u0131k yapt\u0131\u011f\u0131n\u0131 d\u00fc\u015f\u00fcn\u00fcyoruz.<\/p>\n\n\n\n<p class=\"wp-block-paragraph\">Hay\u0131r.<\/p>\n\n\n\n<p class=\"wp-block-paragraph\">Belki hayat bize haks\u0131zl\u0131k etmiyor.<\/p>\n\n\n\n<p class=\"wp-block-paragraph\">Belki biz, kendi hayat\u0131m\u0131za haks\u0131zl\u0131k ediyoruz.<\/p>\n\n\n\n<hr class=\"wp-block-separator has-alpha-channel-opacity\"\/>\n\n\n\n<p class=\"wp-block-paragraph\">Haset, insan\u0131n i\u00e7indeki sessiz sava\u015ft\u0131r.<\/p>\n\n\n\n<p class=\"wp-block-paragraph\">Kimse duymaz.<\/p>\n\n\n\n<p class=\"wp-block-paragraph\">Kimse g\u00f6rmez.<\/p>\n\n\n\n<p class=\"wp-block-paragraph\">Ama insan\u0131n ruhunu yava\u015f yava\u015f t\u00fcketir.<\/p>\n\n\n\n<p class=\"wp-block-paragraph\">\u00c7\u00fcnk\u00fc haset eden insan\u0131n g\u00f6z\u00fc s\u00fcrekli d\u0131\u015far\u0131dad\u0131r.<\/p>\n\n\n\n<p class=\"wp-block-paragraph\">Kim ne ald\u0131?<\/p>\n\n\n\n<p class=\"wp-block-paragraph\">Kim nereye geldi?<\/p>\n\n\n\n<p class=\"wp-block-paragraph\">Kimin s\u00f6z\u00fc daha \u00e7ok dinleniyor?<\/p>\n\n\n\n<p class=\"wp-block-paragraph\">Kim daha \u00e7ok kazan\u0131yor?<\/p>\n\n\n\n<p class=\"wp-block-paragraph\">Kim daha \u00e7ok seviliyor?<\/p>\n\n\n\n<p class=\"wp-block-paragraph\">Kim daha fazla de\u011fer g\u00f6r\u00fcyor?<\/p>\n\n\n\n<p class=\"wp-block-paragraph\">Bu sorular \u00e7o\u011fald\u0131k\u00e7a insan kendisini kaybeder.<\/p>\n\n\n\n<p class=\"wp-block-paragraph\">\u00c7\u00fcnk\u00fc kendi hayat\u0131n\u0131 ya\u015famay\u0131 b\u0131rak\u0131r.<\/p>\n\n\n\n<p class=\"wp-block-paragraph\">Ba\u015fkas\u0131n\u0131n hayat\u0131n\u0131 takip etmeye ba\u015flar.<\/p>\n\n\n\n<p class=\"wp-block-paragraph\">Ve bir g\u00fcn d\u00f6n\u00fcp bakt\u0131\u011f\u0131nda fark eder ki;<\/p>\n\n\n\n<p class=\"wp-block-paragraph\"><strong>Ba\u015fkas\u0131n\u0131n hayat\u0131n\u0131 izlemekten kendi hayat\u0131n\u0131 ya\u015famaya f\u0131rsat bulamam\u0131\u015ft\u0131r.<\/strong><\/p>\n\n\n\n<p class=\"wp-block-paragraph\">\u0130\u015fte as\u0131l kay\u0131p budur.<\/p>\n\n\n\n<hr class=\"wp-block-separator has-alpha-channel-opacity\"\/>\n\n\n\n<p class=\"wp-block-paragraph\">Ben insan\u0131n en b\u00fcy\u00fck d\u00fc\u015fman\u0131n\u0131n bazen kar\u015f\u0131s\u0131ndaki insan olmad\u0131\u011f\u0131n\u0131 d\u00fc\u015f\u00fcn\u00fcyorum.<\/p>\n\n\n\n<p class=\"wp-block-paragraph\">\u0130nsan\u0131n en b\u00fcy\u00fck d\u00fc\u015fman\u0131, kendi i\u00e7inde b\u00fcy\u00fctt\u00fc\u011f\u00fc ve ad\u0131na bahane buldu\u011fu duygulard\u0131r.<\/p>\n\n\n\n<p class=\"wp-block-paragraph\">Haset de bunlardan biridir.<\/p>\n\n\n\n<p class=\"wp-block-paragraph\">\u00c7\u00fcnk\u00fc haset, insan\u0131 \u00f6nce ba\u015fkas\u0131ndan uzakla\u015ft\u0131r\u0131r.<\/p>\n\n\n\n<p class=\"wp-block-paragraph\">Sonra kendisinden.<\/p>\n\n\n\n<p class=\"wp-block-paragraph\">En sonunda da hakikatten.<\/p>\n\n\n\n<p class=\"wp-block-paragraph\">\u0130nsan\u0131n kalbi ba\u015fkas\u0131n\u0131n elindekine tak\u0131l\u0131 kald\u0131k\u00e7a, kendi elindekinin de\u011ferini anlayamaz.<\/p>\n\n\n\n<p class=\"wp-block-paragraph\">Oysa hayat bize her g\u00fcn bir \u015feyler veriyor.<\/p>\n\n\n\n<p class=\"wp-block-paragraph\">Bir nefes.<\/p>\n\n\n\n<p class=\"wp-block-paragraph\">Bir sabah.<\/p>\n\n\n\n<p class=\"wp-block-paragraph\">Bir insan.<\/p>\n\n\n\n<p class=\"wp-block-paragraph\">Bir dost.<\/p>\n\n\n\n<p class=\"wp-block-paragraph\">Bir aile.<\/p>\n\n\n\n<p class=\"wp-block-paragraph\">Bir f\u0131rsat.<\/p>\n\n\n\n<p class=\"wp-block-paragraph\">Bir ba\u015flang\u0131\u00e7.<\/p>\n\n\n\n<p class=\"wp-block-paragraph\">Ama biz \u00e7o\u011fu zaman bunlar\u0131 g\u00f6rm\u00fcyoruz.<\/p>\n\n\n\n<p class=\"wp-block-paragraph\">\u00c7\u00fcnk\u00fc g\u00f6z\u00fcm\u00fcz ba\u015fkas\u0131n\u0131n hayat\u0131nda.<\/p>\n\n\n\n<hr class=\"wp-block-separator has-alpha-channel-opacity\"\/>\n\n\n\n<p class=\"wp-block-paragraph\">Belki de art\u0131k kendimize \u015fu soruyu sorman\u0131n zaman\u0131 gelmi\u015ftir:<\/p>\n\n\n\n<p class=\"wp-block-paragraph\"><strong>Bir ba\u015fkas\u0131n\u0131n mutlulu\u011fu neden benim huzurumu bozuyor?<\/strong><\/p>\n\n\n\n<p class=\"wp-block-paragraph\">E\u011fer bir insan\u0131n g\u00fczelli\u011fi seni rahats\u0131z ediyorsa, sorun onun g\u00fczelli\u011finde olmayabilir.<\/p>\n\n\n\n<p class=\"wp-block-paragraph\">E\u011fer bir insan\u0131n ba\u015far\u0131s\u0131 seni \u00f6fkelendiriyorsa, sorun onun ba\u015far\u0131s\u0131nda olmayabilir.<\/p>\n\n\n\n<p class=\"wp-block-paragraph\">E\u011fer bir insan\u0131n y\u00fckseli\u015fini g\u00f6rmek sana a\u011f\u0131r geliyorsa, belki de as\u0131l mesele onun nereye \u00e7\u0131kt\u0131\u011f\u0131 de\u011fil, senin oldu\u011fun yerde neden kald\u0131\u011f\u0131n\u0131 d\u00fc\u015f\u00fcnd\u00fc\u011f\u00fcnd\u00fcr.<\/p>\n\n\n\n<p class=\"wp-block-paragraph\">Ve bunu kabul etmek zorundas\u0131n.<\/p>\n\n\n\n<p class=\"wp-block-paragraph\">\u00c7\u00fcnk\u00fc insan, ba\u015fkas\u0131n\u0131n hayat\u0131n\u0131 su\u00e7layarak kendi hayat\u0131n\u0131 d\u00fczeltemez.<\/p>\n\n\n\n<p class=\"wp-block-paragraph\">Hasetten kurtulman\u0131n yolu ba\u015fkas\u0131n\u0131 a\u015fa\u011f\u0131 \u00e7ekmek de\u011fil, <strong>kendini yukar\u0131 ta\u015f\u0131makt\u0131r.<\/strong><\/p>\n\n\n\n<p class=\"wp-block-paragraph\">Ba\u015fkas\u0131n\u0131n elindekini azaltmak de\u011fil, kendi elindekinin k\u0131ymetini bilmektir.<\/p>\n\n\n\n<p class=\"wp-block-paragraph\">Ba\u015fkas\u0131n\u0131n \u0131\u015f\u0131\u011f\u0131n\u0131 s\u00f6nd\u00fcrmek de\u011fil, kendi \u0131\u015f\u0131\u011f\u0131n\u0131 yakmakt\u0131r.<\/p>\n\n\n\n<p class=\"wp-block-paragraph\">Ve belki de insan\u0131n ger\u00e7ek olgunlu\u011fu \u015furada ba\u015flar:<\/p>\n\n\n\n<p class=\"wp-block-paragraph\">Bir ba\u015fkas\u0131n\u0131n y\u00fckseli\u015fini g\u00f6rd\u00fc\u011f\u00fcnde i\u00e7inde bir \u015fey k\u0131r\u0131lm\u0131yor;<\/p>\n\n\n\n<p class=\"wp-block-paragraph\">aksine,<\/p>\n\n\n\n<p class=\"wp-block-paragraph\"><strong>\u201cDemek ki m\u00fcmk\u00fcn.\u201d<\/strong><\/p>\n\n\n\n<p class=\"wp-block-paragraph\">diyorsan\u2026<\/p>\n\n\n\n<p class=\"wp-block-paragraph\">Art\u0131k ba\u015fkas\u0131na bakm\u0131yorsun.<\/p>\n\n\n\n<p class=\"wp-block-paragraph\">Kendine bak\u0131yorsun.<\/p>\n\n\n\n<p class=\"wp-block-paragraph\">\u00c7\u00fcnk\u00fc insan\u0131n en b\u00fcy\u00fck zaferi, ba\u015fkas\u0131n\u0131n d\u00fc\u015fmesini istemedi\u011fi g\u00fcnd\u00fcr.<\/p>\n\n\n\n<p class=\"wp-block-paragraph\">Ve belki de en b\u00fcy\u00fck \u00f6zg\u00fcrl\u00fc\u011f\u00fc;<\/p>\n\n\n\n<p class=\"wp-block-paragraph\"><strong>ba\u015fkas\u0131n\u0131n sahip olduklar\u0131yla kendi de\u011ferini \u00f6l\u00e7mekten vazge\u00e7ti\u011fi g\u00fcn ba\u015flar.<\/strong><\/p>\n","protected":false},"excerpt":{"rendered":"<p>Baz\u0131 hastal\u0131klar\u0131n belirtisi y\u00fcz\u00fcm\u00fczde g\u00f6r\u00fcnmez. Ate\u015fimiz yoktur, rengimiz solmaz, y\u00fcr\u00fcmeye devam ederiz. \u0130nsanlar bizi sa\u011fl\u0131kl\u0131 san\u0131r. Oysa i\u00e7imizde bir \u015fey \u00e7\u00fcr\u00fcmeye ba\u015flam\u0131\u015ft\u0131r. Kimse fark etmez. \u00c7\u00fcnk\u00fc bu hastal\u0131\u011f\u0131n ad\u0131 bazen k\u0131skan\u00e7l\u0131k de\u011fildir. Hasettir. \u0130nsan\u0131n ba\u015fkas\u0131nda g\u00f6rd\u00fc\u011f\u00fc g\u00fczelli\u011fi kendi hayat\u0131na yap\u0131lm\u0131\u015f bir haks\u0131zl\u0131k gibi alg\u0131lamas\u0131d\u0131r. Bir ba\u015fkas\u0131n\u0131n y\u00fckseli\u015finden rahats\u0131z olmak, onun kazanc\u0131n\u0131 kendi kayb\u0131 sanmak, onun [&hellip;]<\/p>\n","protected":false},"author":1,"featured_media":391,"comment_status":"open","ping_status":"open","sticky":false,"template":"","format":"standard","meta":{"jnews-multi-image_gallery":[],"jnews_single_post":{"format":"standard"},"jnews_primary_category":[],"jnews_social_meta":[],"jnews_review":[],"enable_review":"","type":"","name":"","summary":"","brand":"","sku":"","good":[],"bad":[],"score_override":"","override_value":"","rating":[],"price":[],"jnews_override_counter":[],"jnews_post_split":[],"footnotes":""},"categories":[1,47],"tags":[51,52],"class_list":["post-390","post","type-post","status-publish","format-standard","has-post-thumbnail","hentry","category-genel","category-insan","tag-haset","tag-kiskanclik"],"_links":{"self":[{"href":"https:\/\/www.knn.net.tr\/index.php\/wp-json\/wp\/v2\/posts\/390","targetHints":{"allow":["GET"]}}],"collection":[{"href":"https:\/\/www.knn.net.tr\/index.php\/wp-json\/wp\/v2\/posts"}],"about":[{"href":"https:\/\/www.knn.net.tr\/index.php\/wp-json\/wp\/v2\/types\/post"}],"author":[{"embeddable":true,"href":"https:\/\/www.knn.net.tr\/index.php\/wp-json\/wp\/v2\/users\/1"}],"replies":[{"embeddable":true,"href":"https:\/\/www.knn.net.tr\/index.php\/wp-json\/wp\/v2\/comments?post=390"}],"version-history":[{"count":2,"href":"https:\/\/www.knn.net.tr\/index.php\/wp-json\/wp\/v2\/posts\/390\/revisions"}],"predecessor-version":[{"id":393,"href":"https:\/\/www.knn.net.tr\/index.php\/wp-json\/wp\/v2\/posts\/390\/revisions\/393"}],"wp:featuredmedia":[{"embeddable":true,"href":"https:\/\/www.knn.net.tr\/index.php\/wp-json\/wp\/v2\/media\/391"}],"wp:attachment":[{"href":"https:\/\/www.knn.net.tr\/index.php\/wp-json\/wp\/v2\/media?parent=390"}],"wp:term":[{"taxonomy":"category","embeddable":true,"href":"https:\/\/www.knn.net.tr\/index.php\/wp-json\/wp\/v2\/categories?post=390"},{"taxonomy":"post_tag","embeddable":true,"href":"https:\/\/www.knn.net.tr\/index.php\/wp-json\/wp\/v2\/tags?post=390"}],"curies":[{"name":"wp","href":"https:\/\/api.w.org\/{rel}","templated":true}]}}