{"id":387,"date":"2026-08-31T00:44:41","date_gmt":"2026-08-30T21:44:41","guid":{"rendered":"https:\/\/www.knn.net.tr\/?p=387"},"modified":"2026-08-31T00:45:12","modified_gmt":"2026-08-30T21:45:12","slug":"benim-ben-oldugum-bir-yer","status":"publish","type":"post","link":"https:\/\/www.knn.net.tr\/index.php\/2026\/08\/31\/benim-ben-oldugum-bir-yer\/","title":{"rendered":"Benim Ben Oldu\u011fum Bir Yer"},"content":{"rendered":"\n<p class=\"wp-block-paragraph\">Benim ben oldu\u011fum bir yer istiyorum <\/p>\n\n\n\n<p class=\"wp-block-paragraph\">Mavinin kaybolmad\u0131\u011f\u0131, sar\u0131n\u0131n siyahla\u015fmad\u0131\u011f\u0131, ye\u015filin rengi etraf\u0131 sarm\u0131\u015fken insanlar\u0131n birbirinin rengini de\u011fi\u015ftirmeye \u00e7al\u0131\u015fmad\u0131\u011f\u0131 bir yer\u2026<\/p>\n\n\n\n<p class=\"wp-block-paragraph\">Belki de insan\u0131n b\u00fct\u00fcn aray\u0131\u015f\u0131 bundan ibarettir.<\/p>\n\n\n\n<p class=\"wp-block-paragraph\">Kendisi olabilece\u011fi bir yer aramak.<\/p>\n\n\n\n<p class=\"wp-block-paragraph\">Ne eksik oldu\u011funu anlatmak zorunda kald\u0131\u011f\u0131, ne de fazla oldu\u011funu saklamak zorunda b\u0131rak\u0131ld\u0131\u011f\u0131 bir yer\u2026 Oldu\u011fu gibi durabildi\u011fi, d\u00fc\u015f\u00fcnd\u00fc\u011f\u00fc gibi konu\u015fabildi\u011fi ve hissetti\u011fi gibi ya\u015fayabildi\u011fi bir yer.<\/p>\n\n\n\n<p class=\"wp-block-paragraph\">\u00c7\u00fcnk\u00fc insan, \u00e7o\u011fu zaman kendisini kaybetti\u011fi yerde de\u011fil; kendisi olmaktan vazge\u00e7ti\u011fi yerde yaln\u0131zla\u015f\u0131r.<\/p>\n\n\n\n<p class=\"wp-block-paragraph\">Bize y\u0131llarca baz\u0131 renklerin g\u00fczel, baz\u0131lar\u0131n\u0131n ise kabul edilemez oldu\u011funu \u00f6\u011frettiler. Kimi zaman d\u00fc\u015f\u00fcncelerimizi de\u011fi\u015ftirdiler, kimi zaman susmay\u0131 \u00f6\u011frettiler. Bazen de bize ait olmayan hayatlar\u0131n i\u00e7ine s\u0131\u011fabilmek i\u00e7in kendi rengimizden vazge\u00e7tik.<\/p>\n\n\n\n<p class=\"wp-block-paragraph\">Sonra aynaya bakt\u0131\u011f\u0131m\u0131zda g\u00f6rd\u00fc\u011f\u00fcm\u00fcz ki\u015fi bizdik ama kendimizi tan\u0131yamad\u0131k.<\/p>\n\n\n\n<p class=\"wp-block-paragraph\">\u00c7\u00fcnk\u00fc insan\u0131n y\u00fcz\u00fc ayn\u0131 kal\u0131rken, ruhunun rengi de\u011fi\u015febiliyor.<\/p>\n\n\n\n<p class=\"wp-block-paragraph\">Mavi, g\u00f6ky\u00fcz\u00fc kadar \u00f6zg\u00fcr olmak isterken birilerinin \u00e7izdi\u011fi s\u0131n\u0131rlar aras\u0131nda kaybolabiliyor. Sar\u0131, g\u00fcne\u015f kadar s\u0131cak olmak isterken insanlar\u0131n karanl\u0131\u011f\u0131nda siyaha d\u00f6n\u00fc\u015febiliyor. Ye\u015fil, hayat\u0131n ve umudun rengi olarak etraf\u0131 sararken, insan kendi i\u00e7inde kurudu\u011funu fark edemeyebiliyor.<\/p>\n\n\n\n<p class=\"wp-block-paragraph\">Oysa mesele renklerin \u00e7oklu\u011fu de\u011fil.<\/p>\n\n\n\n<p class=\"wp-block-paragraph\">Mesele, hi\u00e7bir rengin di\u011ferini yok etmemesi.<\/p>\n\n\n\n<p class=\"wp-block-paragraph\">Hepimiz ayn\u0131 olmak zorunda de\u011filiz. Ayn\u0131 d\u00fc\u015f\u00fcnmek, ayn\u0131 hissetmek, ayn\u0131 yere bakmak zorunda da de\u011filiz. Belki de hayat\u0131n g\u00fczelli\u011fi tam olarak burada ba\u015fl\u0131yor.<\/p>\n\n\n\n<p class=\"wp-block-paragraph\">Birbirimize benzemedi\u011fimiz halde birbirimizi anlayabilmekte\u2026<\/p>\n\n\n\n<p class=\"wp-block-paragraph\">\u00c7\u00fcnk\u00fc farkl\u0131l\u0131k, insan\u0131 birbirinden uzakla\u015ft\u0131ran de\u011fil; do\u011fru bak\u0131ld\u0131\u011f\u0131nda birbirini tamamlayan bir \u015feydir.<\/p>\n\n\n\n<p class=\"wp-block-paragraph\">Benim ben oldu\u011fum bir yer istiyorum.<\/p>\n\n\n\n<p class=\"wp-block-paragraph\">Kimsenin bana kim olmam gerekti\u011fini anlatmad\u0131\u011f\u0131, ge\u00e7mi\u015fimin gelece\u011fime mahk\u00fbm edilmedi\u011fi, hatalar\u0131m\u0131n karakterim olarak g\u00f6r\u00fclmedi\u011fi bir yer\u2026<\/p>\n\n\n\n<p class=\"wp-block-paragraph\">D\u00fc\u015ft\u00fc\u011f\u00fcmde yaln\u0131zca d\u00fc\u015ft\u00fc\u011f\u00fcm i\u00e7in yarg\u0131lanmad\u0131\u011f\u0131m, kalkmaya \u00e7al\u0131\u015f\u0131rken elimden tutacak birinin bulundu\u011fu bir yer.<\/p>\n\n\n\n<p class=\"wp-block-paragraph\">Belki b\u00f6yle bir yer ger\u00e7ekten yok.<\/p>\n\n\n\n<p class=\"wp-block-paragraph\">Belki de insan, hayat\u0131 boyunca b\u00f6yle bir yeri ararken ya\u015flan\u0131yor.<\/p>\n\n\n\n<p class=\"wp-block-paragraph\">Ama yine de ar\u0131yor.<\/p>\n\n\n\n<p class=\"wp-block-paragraph\">\u00c7\u00fcnk\u00fc insan\u0131n i\u00e7inde, ne kadar yorulursa yorulsun kendisi olma iste\u011fi hi\u00e7bir zaman tamamen \u00f6lm\u00fcyor.<\/p>\n\n\n\n<p class=\"wp-block-paragraph\">Bazen bir \u015fehirde ar\u0131yoruz onu, bazen bir insanda, bazen bir dostlukta, bazen de \u00e7ocuklu\u011fumuzun hi\u00e7 bozulmam\u0131\u015f bir an\u0131s\u0131nda\u2026<\/p>\n\n\n\n<p class=\"wp-block-paragraph\">Asl\u0131nda arad\u0131\u011f\u0131m\u0131z yer de\u011fil.<\/p>\n\n\n\n<p class=\"wp-block-paragraph\">Arad\u0131\u011f\u0131m\u0131z, kendimizi kaybetmeden durabilece\u011fimiz bir hayat.<\/p>\n\n\n\n<p class=\"wp-block-paragraph\">Ve belki de en b\u00fcy\u00fck mesele \u015fu:<\/p>\n\n\n\n<p class=\"wp-block-paragraph\">\u0130nsan ba\u015fkalar\u0131n\u0131n istedi\u011fi ki\u015fi olmaya \u00e7al\u0131\u015f\u0131rken kendisine ne kadar uzakla\u015f\u0131rsa, bir g\u00fcn kendi sesini bile yabanc\u0131 buluyor.<\/p>\n\n\n\n<p class=\"wp-block-paragraph\">O y\u00fczden ben, biraz da kendime d\u00f6nmek istiyorum.<\/p>\n\n\n\n<p class=\"wp-block-paragraph\">Mavinin yeniden g\u00f6ky\u00fcz\u00fc oldu\u011fu, sar\u0131n\u0131n yeniden g\u00fcne\u015fi hat\u0131rlatt\u0131\u011f\u0131, ye\u015filin yeniden umudu anlatt\u0131\u011f\u0131 bir yere\u2026<\/p>\n\n\n\n<p class=\"wp-block-paragraph\">Kimsenin rengini de\u011fi\u015ftirmeye \u00e7al\u0131\u015fmad\u0131\u011f\u0131 bir yere.<\/p>\n\n\n\n<p class=\"wp-block-paragraph\">Benim ben oldu\u011fum bir yere.<\/p>\n\n\n\n<p class=\"wp-block-paragraph\">Belki de b\u00fct\u00fcn mesele, b\u00f6yle bir yeri bulmak de\u011fil; <strong>b\u00f6yle bir yeri kendi i\u00e7imizde kurabilmektir.<\/strong><\/p>\n\n\n\n<p class=\"wp-block-paragraph\">\u00c7\u00fcnk\u00fc insan\u0131n d\u0131\u015far\u0131da arad\u0131\u011f\u0131 huzur, \u00e7o\u011fu zaman i\u00e7eride susturdu\u011fu bir sesin yeniden konu\u015fmaya ba\u015flamas\u0131d\u0131r.<\/p>\n\n\n\n<p class=\"wp-block-paragraph\">Ve belki o g\u00fcn anlar\u0131z:<\/p>\n\n\n\n<p class=\"wp-block-paragraph\">Kendimiz olabildi\u011fimiz yer, asl\u0131nda gitmemiz gereken yer de\u011filmi\u015f.<\/p>\n\n\n\n<p class=\"wp-block-paragraph\"><strong>D\u00f6nmemiz gereken yermi\u015f.<\/strong><\/p>\n\n\n\n<p class=\"wp-block-paragraph\"><\/p>\n","protected":false},"excerpt":{"rendered":"<p>Benim ben oldu\u011fum bir yer istiyorum Mavinin kaybolmad\u0131\u011f\u0131, sar\u0131n\u0131n siyahla\u015fmad\u0131\u011f\u0131, ye\u015filin rengi etraf\u0131 sarm\u0131\u015fken insanlar\u0131n birbirinin rengini de\u011fi\u015ftirmeye \u00e7al\u0131\u015fmad\u0131\u011f\u0131 bir yer\u2026 Belki de insan\u0131n b\u00fct\u00fcn aray\u0131\u015f\u0131 bundan ibarettir. Kendisi olabilece\u011fi bir yer aramak. Ne eksik oldu\u011funu anlatmak zorunda kald\u0131\u011f\u0131, ne de fazla oldu\u011funu saklamak zorunda b\u0131rak\u0131ld\u0131\u011f\u0131 bir yer\u2026 Oldu\u011fu gibi durabildi\u011fi, d\u00fc\u015f\u00fcnd\u00fc\u011f\u00fc gibi konu\u015fabildi\u011fi ve [&hellip;]<\/p>\n","protected":false},"author":1,"featured_media":388,"comment_status":"open","ping_status":"open","sticky":false,"template":"","format":"standard","meta":{"jnews-multi-image_gallery":[],"jnews_single_post":{"format":"standard"},"jnews_primary_category":[],"jnews_social_meta":[],"jnews_review":[],"enable_review":"","type":"","name":"","summary":"","brand":"","sku":"","good":[],"bad":[],"score_override":"","override_value":"","rating":[],"price":[],"jnews_override_counter":[],"jnews_post_split":[],"footnotes":""},"categories":[1],"tags":[],"class_list":["post-387","post","type-post","status-publish","format-standard","has-post-thumbnail","hentry","category-genel"],"_links":{"self":[{"href":"https:\/\/www.knn.net.tr\/index.php\/wp-json\/wp\/v2\/posts\/387","targetHints":{"allow":["GET"]}}],"collection":[{"href":"https:\/\/www.knn.net.tr\/index.php\/wp-json\/wp\/v2\/posts"}],"about":[{"href":"https:\/\/www.knn.net.tr\/index.php\/wp-json\/wp\/v2\/types\/post"}],"author":[{"embeddable":true,"href":"https:\/\/www.knn.net.tr\/index.php\/wp-json\/wp\/v2\/users\/1"}],"replies":[{"embeddable":true,"href":"https:\/\/www.knn.net.tr\/index.php\/wp-json\/wp\/v2\/comments?post=387"}],"version-history":[{"count":1,"href":"https:\/\/www.knn.net.tr\/index.php\/wp-json\/wp\/v2\/posts\/387\/revisions"}],"predecessor-version":[{"id":389,"href":"https:\/\/www.knn.net.tr\/index.php\/wp-json\/wp\/v2\/posts\/387\/revisions\/389"}],"wp:featuredmedia":[{"embeddable":true,"href":"https:\/\/www.knn.net.tr\/index.php\/wp-json\/wp\/v2\/media\/388"}],"wp:attachment":[{"href":"https:\/\/www.knn.net.tr\/index.php\/wp-json\/wp\/v2\/media?parent=387"}],"wp:term":[{"taxonomy":"category","embeddable":true,"href":"https:\/\/www.knn.net.tr\/index.php\/wp-json\/wp\/v2\/categories?post=387"},{"taxonomy":"post_tag","embeddable":true,"href":"https:\/\/www.knn.net.tr\/index.php\/wp-json\/wp\/v2\/tags?post=387"}],"curies":[{"name":"wp","href":"https:\/\/api.w.org\/{rel}","templated":true}]}}