{"id":366,"date":"2026-08-25T13:54:02","date_gmt":"2026-08-25T10:54:02","guid":{"rendered":"https:\/\/www.knn.net.tr\/?p=366"},"modified":"2026-08-25T13:54:03","modified_gmt":"2026-08-25T10:54:03","slug":"istiyoruz-ama-yapmiyoruz","status":"publish","type":"post","link":"https:\/\/www.knn.net.tr\/index.php\/2026\/08\/25\/istiyoruz-ama-yapmiyoruz\/","title":{"rendered":"\u0130stiyoruz Ama Yapm\u0131yoruz"},"content":{"rendered":"\n<p class=\"wp-block-paragraph\">\u0130stersek yapabiliriz.<\/p>\n\n\n\n<p class=\"wp-block-paragraph\">Ba\u015farabiliriz.<\/p>\n\n\n\n<p class=\"wp-block-paragraph\">Kurtulabiliriz.<\/p>\n\n\n\n<p class=\"wp-block-paragraph\">Asl\u0131nda bunu hepimiz biliyoruz. Neyi yanl\u0131\u015f yapt\u0131\u011f\u0131m\u0131z\u0131 da biliyoruz, neyi de\u011fi\u015ftirmemiz gerekti\u011fini de. Hatta \u00e7o\u011fu zaman nas\u0131l de\u011fi\u015ftirece\u011fimizi bile biliyoruz. Fakat b\u00fct\u00fcn mesele bilmekte bitmiyor. \u00c7\u00fcnk\u00fc insan bazen do\u011fruyu bildi\u011fi h\u00e2lde yanl\u0131\u015f\u0131 ya\u015famaya devam ediyor.<\/p>\n\n\n\n<p class=\"wp-block-paragraph\">Sorun imk\u00e2ns\u0131zl\u0131k de\u011fil.<\/p>\n\n\n\n<p class=\"wp-block-paragraph\">Sorun isteksizlik.<\/p>\n\n\n\n<p class=\"wp-block-paragraph\">Belki de daha do\u011frusu, istemekle yapmak aras\u0131ndaki o b\u00fcy\u00fck mesafe.<\/p>\n\n\n\n<p class=\"wp-block-paragraph\">Bir \u015feylerin de\u011fi\u015fmesini istiyoruz. Daha iyi bir hayat, daha huzurlu bir toplum, daha adaletli bir d\u00fczen, daha g\u00fczel bir gelecek istiyoruz. \u015eik\u00e2yet ediyoruz, konu\u015fuyoruz, ele\u015ftiriyoruz. Herkesin yanl\u0131\u015f\u0131n\u0131 g\u00f6r\u00fcyor, herkesin ne yapmas\u0131 gerekti\u011fini s\u00f6yl\u00fcyoruz. Fakat s\u0131ra kendimize geldi\u011finde birden sessizle\u015fiyoruz.<\/p>\n\n\n\n<p class=\"wp-block-paragraph\">\u00c7\u00fcnk\u00fc de\u011fi\u015fim, ba\u015fkas\u0131ndan ba\u015flamas\u0131n\u0131 istedi\u011fimiz s\u00fcrece kolayd\u0131r.<\/p>\n\n\n\n<p class=\"wp-block-paragraph\">Kendimizden ba\u015flamas\u0131 gerekti\u011finde ise zorla\u015f\u0131r.<\/p>\n\n\n\n<p class=\"wp-block-paragraph\">Hepimiz bir \u015feylerden kurtulmak istiyoruz. Bizi yoran al\u0131\u015fkanl\u0131klardan, bizi k\u00fc\u00e7\u00fclten d\u00fc\u015f\u00fcncelerden, bizi birbirimizden uzakla\u015ft\u0131ran \u00f6nyarg\u0131lardan, y\u0131llard\u0131r \u00fczerimize \u00e7\u00f6ken \u00e7aresizlikten&#8230;<\/p>\n\n\n\n<p class=\"wp-block-paragraph\">Ama kurtulmak i\u00e7in \u00f6nce bulundu\u011fumuz yerden \u00e7\u0131kmam\u0131z gerekiyor.<\/p>\n\n\n\n<p class=\"wp-block-paragraph\">Ve biz \u00e7o\u011fu zaman kap\u0131n\u0131n \u00f6n\u00fcnde durup kap\u0131n\u0131n a\u00e7\u0131lmas\u0131n\u0131 bekliyoruz.<\/p>\n\n\n\n<p class=\"wp-block-paragraph\">Oysa anahtar elimizde.<\/p>\n\n\n\n<p class=\"wp-block-paragraph\">Sadece kullanmaya cesaret edemiyoruz.<\/p>\n\n\n\n<p class=\"wp-block-paragraph\">Belki de en b\u00fcy\u00fck yan\u0131lg\u0131m\u0131z burada ba\u015fl\u0131yor. De\u011fi\u015fimi b\u00fcy\u00fck insanlar\u0131n, b\u00fcy\u00fck olaylar\u0131n, b\u00fcy\u00fck kararlar\u0131n ger\u00e7ekle\u015ftirece\u011fini d\u00fc\u015f\u00fcn\u00fcyoruz. Birilerinin gelip bizim ad\u0131m\u0131za bir \u015feyleri d\u00fczeltmesini bekliyoruz. Oysa hayat\u0131 de\u011fi\u015ftiren \u015fey \u00e7o\u011fu zaman b\u00fcy\u00fck s\u00f6zler de\u011fil, k\u00fc\u00e7\u00fck ama kararl\u0131 ad\u0131mlard\u0131r.<\/p>\n\n\n\n<p class=\"wp-block-paragraph\">Bir insan kendisini de\u011fi\u015ftirdi\u011finde bir \u015fey de\u011fi\u015fir.<\/p>\n\n\n\n<p class=\"wp-block-paragraph\">Bir aile de\u011fi\u015fti\u011finde daha b\u00fcy\u00fck bir \u015fey de\u011fi\u015fir.<\/p>\n\n\n\n<p class=\"wp-block-paragraph\">Bir toplum de\u011fi\u015fmeye ba\u015flad\u0131\u011f\u0131nda ise art\u0131k hi\u00e7bir \u015fey eskisi gibi kalmaz.<\/p>\n\n\n\n<p class=\"wp-block-paragraph\">Fakat bunun i\u00e7in \u00f6nce \u201cBirileri yaps\u0131n\u201d demeyi b\u0131rak\u0131p \u201cBen ne yapabilirim?\u201d diye sormam\u0131z gerekir.<\/p>\n\n\n\n<p class=\"wp-block-paragraph\">\u00c7\u00fcnk\u00fc biliyoruz.<\/p>\n\n\n\n<p class=\"wp-block-paragraph\">Neyi yapmam\u0131z gerekti\u011fini biliyoruz.<\/p>\n\n\n\n<p class=\"wp-block-paragraph\">Neyi b\u0131rakmam\u0131z gerekti\u011fini biliyoruz.<\/p>\n\n\n\n<p class=\"wp-block-paragraph\">Neye kar\u015f\u0131 durmam\u0131z gerekti\u011fini biliyoruz.<\/p>\n\n\n\n<p class=\"wp-block-paragraph\">Kime sahip \u00e7\u0131kmam\u0131z gerekti\u011fini, neye de\u011fer vermemiz gerekti\u011fini, hangi yanl\u0131\u015f\u0131n kar\u015f\u0131s\u0131nda susmamam\u0131z gerekti\u011fini de biliyoruz.<\/p>\n\n\n\n<p class=\"wp-block-paragraph\">Fakat bilmek, tek ba\u015f\u0131na hi\u00e7bir \u015feyi de\u011fi\u015ftirmiyor.<\/p>\n\n\n\n<p class=\"wp-block-paragraph\">Bir ger\u00e7e\u011fi bilmekle o ger\u00e7e\u011fin gere\u011fini yapmak aras\u0131nda u\u00e7urum vard\u0131r.<\/p>\n\n\n\n<p class=\"wp-block-paragraph\">\u0130\u015fte biz \u00e7o\u011fu zaman o u\u00e7urumun kenar\u0131nda bekliyoruz.<\/p>\n\n\n\n<p class=\"wp-block-paragraph\">Ad\u0131m atmaya korkuyoruz.<\/p>\n\n\n\n<p class=\"wp-block-paragraph\">\u00c7\u00fcnk\u00fc de\u011fi\u015fmek, al\u0131\u015ft\u0131\u011f\u0131m\u0131z d\u00fczeni terk etmektir. Al\u0131\u015fkanl\u0131klar\u0131m\u0131z\u0131 sorgulamakt\u0131r. Bazen yaln\u0131z kalmay\u0131 g\u00f6ze almakt\u0131r. Bazen herkesin yapt\u0131\u011f\u0131n\u0131n yanl\u0131\u015f oldu\u011funu s\u00f6yleyebilmektir. Bazen de y\u0131llard\u0131r savundu\u011fumuz bir \u015feyin yanl\u0131\u015f oldu\u011funu kabul edebilmektir.<\/p>\n\n\n\n<p class=\"wp-block-paragraph\">\u0130nsan en \u00e7ok da kendisiyle y\u00fczle\u015fmekten ka\u00e7\u0131yor.<\/p>\n\n\n\n<p class=\"wp-block-paragraph\">Ba\u015fkalar\u0131n\u0131n hatalar\u0131n\u0131 g\u00f6rmek kolayd\u0131r.<\/p>\n\n\n\n<p class=\"wp-block-paragraph\">Kendi hatan\u0131 g\u00f6rmek ise cesaret ister.<\/p>\n\n\n\n<p class=\"wp-block-paragraph\">Belki de bu y\u00fczden s\u00fcrekli konu\u015fuyoruz ama \u00e7ok az \u015fey yap\u0131yoruz.<\/p>\n\n\n\n<p class=\"wp-block-paragraph\">\u00c7\u00fcnk\u00fc konu\u015fmak g\u00fcvenlidir.<\/p>\n\n\n\n<p class=\"wp-block-paragraph\">Yapmak ise sorumluluk ister.<\/p>\n\n\n\n<p class=\"wp-block-paragraph\">Bug\u00fcn bir \u015feylerin de\u011fi\u015fmesini istiyorsak, \u00f6nce kendimizden ba\u015flamam\u0131z gerekiyor. Ba\u015fkas\u0131n\u0131n de\u011fi\u015fmesini bekleyerek ge\u00e7irdi\u011fimiz her g\u00fcn, asl\u0131nda kendi hayat\u0131m\u0131zdan eksilen bir g\u00fcnd\u00fcr.<\/p>\n\n\n\n<p class=\"wp-block-paragraph\">\u0130stersek yapabiliriz.<\/p>\n\n\n\n<p class=\"wp-block-paragraph\">Ba\u015farabiliriz.<\/p>\n\n\n\n<p class=\"wp-block-paragraph\">Kurtulabiliriz.<\/p>\n\n\n\n<p class=\"wp-block-paragraph\">Ama bunun i\u00e7in istemenin \u00f6tesine ge\u00e7memiz gerekiyor.<\/p>\n\n\n\n<p class=\"wp-block-paragraph\">\u00c7\u00fcnk\u00fc yaln\u0131zca istemek yetmez.<\/p>\n\n\n\n<p class=\"wp-block-paragraph\">Bilmek yetmez.<\/p>\n\n\n\n<p class=\"wp-block-paragraph\">Konu\u015fmak hi\u00e7 yetmez.<\/p>\n\n\n\n<p class=\"wp-block-paragraph\">Bir g\u00fcn d\u00f6n\u00fcp hayat\u0131m\u0131za bakt\u0131\u011f\u0131m\u0131zda, \u201cAsl\u0131nda yapabilirdim.\u201d demek istemiyorsak bug\u00fcn yapmam\u0131z gerekeni yapmal\u0131y\u0131z.<\/p>\n\n\n\n<p class=\"wp-block-paragraph\">Belki m\u00fckemmel olmayaca\u011f\u0131z.<\/p>\n\n\n\n<p class=\"wp-block-paragraph\">Belki ilk ad\u0131mda ba\u015far\u0131s\u0131z olaca\u011f\u0131z.<\/p>\n\n\n\n<p class=\"wp-block-paragraph\">Belki yolumuz uzun olacak.<\/p>\n\n\n\n<p class=\"wp-block-paragraph\">Ama hi\u00e7 ba\u015flamamaktan daha k\u00f6t\u00fc bir \u015fey yok.<\/p>\n\n\n\n<p class=\"wp-block-paragraph\">\u00c7\u00fcnk\u00fc insan\u0131n en b\u00fcy\u00fck kayb\u0131 ba\u015far\u0131s\u0131z olmak de\u011fil, ba\u015farabilece\u011fi h\u00e2lde hi\u00e7 denememektir.<\/p>\n\n\n\n<p class=\"wp-block-paragraph\">Biz yapabiliriz.<\/p>\n\n\n\n<p class=\"wp-block-paragraph\">Yeter ki ger\u00e7ekten isteyelim.<\/p>\n\n\n\n<p class=\"wp-block-paragraph\">Yeter ki bildiklerimizi hayat\u0131m\u0131za ta\u015f\u0131yal\u0131m.<\/p>\n\n\n\n<p class=\"wp-block-paragraph\">Yeter ki kap\u0131n\u0131n \u00f6n\u00fcnde beklemek yerine elimizdeki anahtar\u0131 kullanal\u0131m.<\/p>\n\n\n\n<p class=\"wp-block-paragraph\">\u00c7\u00fcnk\u00fc bazen \u00e7\u0131k\u0131\u015f yolu ger\u00e7ekten vard\u0131r.<\/p>\n\n\n\n<p class=\"wp-block-paragraph\">Sadece biz, kap\u0131y\u0131 a\u00e7maya cesaret edemiyoruz.<\/p>\n\n\n\n<p class=\"wp-block-paragraph\">Ve belki de b\u00fct\u00fcn mesele tam olarak budur:<\/p>\n\n\n\n<p class=\"wp-block-paragraph\"><strong>\u0130stiyoruz. Biliyoruz. Ba\u015farabiliriz. Kurtulabiliriz.<\/strong><\/p>\n\n\n\n<p class=\"wp-block-paragraph\"><strong>Ama yapm\u0131yoruz.<\/strong><\/p>\n","protected":false},"excerpt":{"rendered":"<p>\u0130stersek yapabiliriz. Ba\u015farabiliriz. Kurtulabiliriz. Asl\u0131nda bunu hepimiz biliyoruz. Neyi yanl\u0131\u015f yapt\u0131\u011f\u0131m\u0131z\u0131 da biliyoruz, neyi de\u011fi\u015ftirmemiz gerekti\u011fini de. Hatta \u00e7o\u011fu zaman nas\u0131l de\u011fi\u015ftirece\u011fimizi bile biliyoruz. Fakat b\u00fct\u00fcn mesele bilmekte bitmiyor. \u00c7\u00fcnk\u00fc insan bazen do\u011fruyu bildi\u011fi h\u00e2lde yanl\u0131\u015f\u0131 ya\u015famaya devam ediyor. Sorun imk\u00e2ns\u0131zl\u0131k de\u011fil. Sorun isteksizlik. Belki de daha do\u011frusu, istemekle yapmak aras\u0131ndaki o b\u00fcy\u00fck mesafe. Bir [&hellip;]<\/p>\n","protected":false},"author":1,"featured_media":367,"comment_status":"open","ping_status":"open","sticky":false,"template":"","format":"standard","meta":{"jnews-multi-image_gallery":[],"jnews_single_post":{"format":"standard"},"jnews_primary_category":[],"jnews_social_meta":[],"jnews_review":[],"enable_review":"","type":"","name":"","summary":"","brand":"","sku":"","good":[],"bad":[],"score_override":"","override_value":"","rating":[],"price":[],"jnews_override_counter":[],"jnews_post_split":[],"footnotes":""},"categories":[46],"tags":[],"class_list":["post-366","post","type-post","status-publish","format-standard","has-post-thumbnail","hentry","category-elestiri"],"_links":{"self":[{"href":"https:\/\/www.knn.net.tr\/index.php\/wp-json\/wp\/v2\/posts\/366","targetHints":{"allow":["GET"]}}],"collection":[{"href":"https:\/\/www.knn.net.tr\/index.php\/wp-json\/wp\/v2\/posts"}],"about":[{"href":"https:\/\/www.knn.net.tr\/index.php\/wp-json\/wp\/v2\/types\/post"}],"author":[{"embeddable":true,"href":"https:\/\/www.knn.net.tr\/index.php\/wp-json\/wp\/v2\/users\/1"}],"replies":[{"embeddable":true,"href":"https:\/\/www.knn.net.tr\/index.php\/wp-json\/wp\/v2\/comments?post=366"}],"version-history":[{"count":1,"href":"https:\/\/www.knn.net.tr\/index.php\/wp-json\/wp\/v2\/posts\/366\/revisions"}],"predecessor-version":[{"id":368,"href":"https:\/\/www.knn.net.tr\/index.php\/wp-json\/wp\/v2\/posts\/366\/revisions\/368"}],"wp:featuredmedia":[{"embeddable":true,"href":"https:\/\/www.knn.net.tr\/index.php\/wp-json\/wp\/v2\/media\/367"}],"wp:attachment":[{"href":"https:\/\/www.knn.net.tr\/index.php\/wp-json\/wp\/v2\/media?parent=366"}],"wp:term":[{"taxonomy":"category","embeddable":true,"href":"https:\/\/www.knn.net.tr\/index.php\/wp-json\/wp\/v2\/categories?post=366"},{"taxonomy":"post_tag","embeddable":true,"href":"https:\/\/www.knn.net.tr\/index.php\/wp-json\/wp\/v2\/tags?post=366"}],"curies":[{"name":"wp","href":"https:\/\/api.w.org\/{rel}","templated":true}]}}