{"id":346,"date":"2026-08-24T17:47:54","date_gmt":"2026-08-24T14:47:54","guid":{"rendered":"https:\/\/www.knn.net.tr\/?p=346"},"modified":"2026-08-24T17:47:55","modified_gmt":"2026-08-24T14:47:55","slug":"tefecilik-bir-toplumun-sessizce-curuyen-yaralarindan-biri","status":"publish","type":"post","link":"https:\/\/www.knn.net.tr\/index.php\/2026\/08\/24\/tefecilik-bir-toplumun-sessizce-curuyen-yaralarindan-biri\/","title":{"rendered":"Tefecilik: Bir Toplumun Sessizce \u00c7\u00fcr\u00fcyen Yaralar\u0131ndan Biri"},"content":{"rendered":"\n<p class=\"wp-block-paragraph\">G\u00fcn\u00fcm\u00fcz\u00fcn en a\u011f\u0131r sorunlar\u0131ndan biri bazen hastanelerde de\u011fil, insanlar\u0131n \u00e7aresiz kald\u0131\u011f\u0131 anlarda ortaya \u00e7\u0131k\u0131yor.<\/p>\n\n\n\n<p class=\"wp-block-paragraph\">Ad\u0131 belki tek bir kelime:<\/p>\n\n\n\n<p class=\"wp-block-paragraph\"><strong>Tefecilik.<\/strong><\/p>\n\n\n\n<p class=\"wp-block-paragraph\">Ancak bu kelimenin arkas\u0131nda yaln\u0131zca para al\u0131\u015fveri\u015fi yok. Bor\u00e7 var, \u00e7aresizlik var, korku var, bask\u0131 var ve \u00e7o\u011fu zaman \u00e7\u0131k\u0131\u015f\u0131 olmayan bir d\u00f6ng\u00fc var.<\/p>\n\n\n\n<p class=\"wp-block-paragraph\">\u0130nsan bazen hayat\u0131n\u0131n hi\u00e7 beklemedi\u011fi bir an\u0131nda paraya ihtiya\u00e7 duyar. Bir bor\u00e7, bir hastal\u0131k, bir i\u015f kayb\u0131, bir aile meselesi, bir ticari s\u0131k\u0131nt\u0131 veya acil bir \u00f6deme insan\u0131 normal \u015fartlarda yapmayaca\u011f\u0131 bir tercihe s\u00fcr\u00fckleyebilir.<\/p>\n\n\n\n<p class=\"wp-block-paragraph\">\u0130\u015fte tefecilik tam da bu \u00e7aresizlik an\u0131n\u0131 kullan\u0131r.<\/p>\n\n\n\n<p class=\"wp-block-paragraph\">Ba\u015flang\u0131\u00e7ta her \u015fey kolay g\u00f6r\u00fcn\u00fcr.<\/p>\n\n\n\n<p class=\"wp-block-paragraph\">\u201cParay\u0131 veririm.\u201d<\/p>\n\n\n\n<p class=\"wp-block-paragraph\">\u201c\u0130htiyac\u0131n\u0131 g\u00f6r.\u201d<\/p>\n\n\n\n<p class=\"wp-block-paragraph\">\u201cSonra \u00f6dersin.\u201d<\/p>\n\n\n\n<p class=\"wp-block-paragraph\">Fakat al\u0131nan para \u00e7o\u011fu zaman yaln\u0131zca para olarak kalmaz. Zaman ge\u00e7tik\u00e7e bor\u00e7 b\u00fcy\u00fcr, b\u00fcy\u00fcd\u00fck\u00e7e insan\u0131n hareket alan\u0131 daral\u0131r. Bir noktadan sonra ki\u015fi borcunu \u00f6demek i\u00e7in yeni bir borca ihtiya\u00e7 duymaya ba\u015flayabilir.<\/p>\n\n\n\n<p class=\"wp-block-paragraph\">Ve b\u00f6ylece bir bor\u00e7, ba\u015fka bir borcu do\u011furur.<\/p>\n\n\n\n<p class=\"wp-block-paragraph\">Sonra ba\u015fka bir bor\u00e7&#8230;<\/p>\n\n\n\n<p class=\"wp-block-paragraph\">Bir s\u00fcre sonra insan art\u0131k paras\u0131n\u0131 de\u011fil, <strong>hayat\u0131n\u0131 y\u00f6netmeye \u00e7al\u0131\u015f\u0131r.<\/strong><\/p>\n\n\n\n<p class=\"wp-block-paragraph\">Tefecili\u011fin en tehlikeli taraflar\u0131ndan biri de budur.<\/p>\n\n\n\n<p class=\"wp-block-paragraph\">\u0130nsan\u0131 yaln\u0131zca ekonomik olarak de\u011fil, psikolojik olarak da t\u00fcketir.<\/p>\n\n\n\n<p class=\"wp-block-paragraph\">Bor\u00e7lu insan\u0131n telefonu \u00e7ald\u0131\u011f\u0131nda duydu\u011fu endi\u015feyi, kap\u0131s\u0131 \u00e7al\u0131nd\u0131\u011f\u0131nda hissetti\u011fi korkuyu, ailesinden saklad\u0131\u011f\u0131 s\u0131k\u0131nt\u0131y\u0131, geceleri d\u00fc\u015f\u00fcnd\u00fc\u011f\u00fc hesaplar\u0131 d\u0131\u015far\u0131dan g\u00f6rmek \u00e7o\u011fu zaman m\u00fcmk\u00fcn de\u011fildir.<\/p>\n\n\n\n<p class=\"wp-block-paragraph\">\u00c7\u00fcnk\u00fc bor\u00e7 her zaman g\u00f6r\u00fcnmez.<\/p>\n\n\n\n<p class=\"wp-block-paragraph\">Baz\u0131 bor\u00e7lar insan\u0131n cebinde de\u011fil, zihnindedir.<\/p>\n\n\n\n<p class=\"wp-block-paragraph\">Ve insan\u0131n zihninde ta\u015f\u0131mak zorunda kald\u0131\u011f\u0131 bor\u00e7, zamanla hayat\u0131n\u0131n her alan\u0131na s\u0131zmaya ba\u015flar.<\/p>\n\n\n\n<p class=\"wp-block-paragraph\">Ailesine yans\u0131r.<\/p>\n\n\n\n<p class=\"wp-block-paragraph\">\u0130\u015fine yans\u0131r.<\/p>\n\n\n\n<p class=\"wp-block-paragraph\">Arkada\u015fl\u0131klar\u0131na yans\u0131r.<\/p>\n\n\n\n<p class=\"wp-block-paragraph\">\u0130nsanlarla olan ili\u015fkilerine yans\u0131r.<\/p>\n\n\n\n<p class=\"wp-block-paragraph\">En k\u00f6t\u00fcs\u00fc de insan\u0131n kendisine olan g\u00fcvenini bile t\u00fcketebilir.<\/p>\n\n\n\n<p class=\"wp-block-paragraph\">Bir zamanlar kendi kararlar\u0131n\u0131 veren insan, art\u0131k att\u0131\u011f\u0131 her ad\u0131m\u0131 borcuna g\u00f6re hesaplamaya ba\u015flar.<\/p>\n\n\n\n<p class=\"wp-block-paragraph\">\u201cBunu yaparsam ne olur?\u201d<\/p>\n\n\n\n<p class=\"wp-block-paragraph\">\u201cBu ay nas\u0131l \u00f6deyece\u011fim?\u201d<\/p>\n\n\n\n<p class=\"wp-block-paragraph\">\u201cBir yerden daha para bulabilir miyim?\u201d<\/p>\n\n\n\n<p class=\"wp-block-paragraph\">\u201cBu bor\u00e7 ne zaman bitecek?\u201d<\/p>\n\n\n\n<p class=\"wp-block-paragraph\">Ve insan\u0131n hayat\u0131 giderek bir \u00f6deme takvimine d\u00f6n\u00fc\u015f\u00fcr.<\/p>\n\n\n\n<p class=\"wp-block-paragraph\">Burada as\u0131l sorgulanmas\u0131 gereken yaln\u0131zca tefecinin yapt\u0131\u011f\u0131 de\u011fildir.<\/p>\n\n\n\n<p class=\"wp-block-paragraph\">B\u00f6yle bir d\u00fczenin neden ortaya \u00e7\u0131kt\u0131\u011f\u0131n\u0131 da d\u00fc\u015f\u00fcnmek gerekir.<\/p>\n\n\n\n<p class=\"wp-block-paragraph\">\u0130nsanlar neden kay\u0131t d\u0131\u015f\u0131 ve a\u011f\u0131r \u015fartlarla bor\u00e7 para almak zorunda kal\u0131yor?<\/p>\n\n\n\n<p class=\"wp-block-paragraph\">Neden baz\u0131 insanlar ekonomik s\u0131k\u0131nt\u0131lar\u0131n\u0131 \u00e7\u00f6zmek i\u00e7in g\u00fcvenli ve ula\u015f\u0131labilir yollar bulam\u0131yor?<\/p>\n\n\n\n<p class=\"wp-block-paragraph\">Neden \u00e7aresizlik, baz\u0131 insanlar\u0131n ba\u015fkalar\u0131n\u0131n zay\u0131f an\u0131ndan kazan\u00e7 elde edebilece\u011fi bir f\u0131rsata d\u00f6n\u00fc\u015f\u00fcyor?<\/p>\n\n\n\n<p class=\"wp-block-paragraph\">Bu sorular\u0131n her birinin ekonomik, sosyal ve hukuki boyutlar\u0131 vard\u0131r.<\/p>\n\n\n\n<p class=\"wp-block-paragraph\">Fakat ne olursa olsun, \u00e7aresiz bir insan\u0131n ihtiyac\u0131n\u0131 f\u0131rsata \u00e7evirmek yaln\u0131zca bir ticari mesele de\u011fildir.<\/p>\n\n\n\n<p class=\"wp-block-paragraph\">Bu, ayn\u0131 zamanda <strong>vicdan meselesidir.<\/strong><\/p>\n\n\n\n<p class=\"wp-block-paragraph\">\u00c7\u00fcnk\u00fc para kazanman\u0131n da bir s\u0131n\u0131r\u0131 olmal\u0131d\u0131r.<\/p>\n\n\n\n<p class=\"wp-block-paragraph\">\u0130nsan\u0131n ihtiyac\u0131ndan, korkusundan ve \u00e7aresizli\u011finden kazan\u00e7 elde etmek; paran\u0131n nas\u0131l kazan\u0131ld\u0131\u011f\u0131 sorusunu g\u00fcndeme getirir.<\/p>\n\n\n\n<p class=\"wp-block-paragraph\">Bir insan\u0131n zor durumda olmas\u0131, ba\u015fka bir insan\u0131n daha fazla kazanmas\u0131 i\u00e7in f\u0131rsata d\u00f6n\u00fc\u015f\u00fcyorsa burada yaln\u0131zca ekonomik bir problem de\u011fil, toplumsal bir problem vard\u0131r.<\/p>\n\n\n\n<p class=\"wp-block-paragraph\">\u00dcstelik tefecilik yaln\u0131zca bor\u00e7 alan\u0131 de\u011fil, toplumun tamam\u0131n\u0131 etkiler.<\/p>\n\n\n\n<p class=\"wp-block-paragraph\">Bor\u00e7 bata\u011f\u0131na giren insan \u00fcretkenli\u011fini kaybedebilir.<\/p>\n\n\n\n<p class=\"wp-block-paragraph\">Ailesi ekonomik ve psikolojik bask\u0131 alt\u0131nda kalabilir.<\/p>\n\n\n\n<p class=\"wp-block-paragraph\">\u0130\u015fletmeler zarar g\u00f6rebilir.<\/p>\n\n\n\n<p class=\"wp-block-paragraph\">\u0130nsanlar birbirlerine olan g\u00fcvenlerini kaybedebilir.<\/p>\n\n\n\n<p class=\"wp-block-paragraph\">Korku ve tehdit k\u00fclt\u00fcr\u00fc b\u00fcy\u00fcyebilir.<\/p>\n\n\n\n<p class=\"wp-block-paragraph\">Sonunda birka\u00e7 ki\u015finin kazanc\u0131, \u00e7ok daha geni\u015f bir \u00e7evrenin kayb\u0131na d\u00f6n\u00fc\u015febilir.<\/p>\n\n\n\n<p class=\"wp-block-paragraph\">Bana g\u00f6re tefecili\u011fin en tehlikeli taraf\u0131, insanlar\u0131n zamanla bunu normalle\u015ftirmeye ba\u015flamas\u0131d\u0131r.<\/p>\n\n\n\n<p class=\"wp-block-paragraph\">\u201cZaten herkes bor\u00e7lu.\u201d<\/p>\n\n\n\n<p class=\"wp-block-paragraph\">\u201cBa\u015fka \u00e7are yok.\u201d<\/p>\n\n\n\n<p class=\"wp-block-paragraph\">\u201c\u0130htiyac\u0131 olan al\u0131r.\u201d<\/p>\n\n\n\n<p class=\"wp-block-paragraph\">\u201c\u00d6deyebiliyorsa sorun yok.\u201d<\/p>\n\n\n\n<p class=\"wp-block-paragraph\">Oysa mesele yaln\u0131zca borcun \u00f6denip \u00f6denmemesi de\u011fildir.<\/p>\n\n\n\n<p class=\"wp-block-paragraph\">Mesele, bir insan\u0131n \u00e7aresizli\u011finin nas\u0131l kullan\u0131ld\u0131\u011f\u0131d\u0131r.<\/p>\n\n\n\n<p class=\"wp-block-paragraph\">\u00c7\u00fcnk\u00fc insan\u0131n en zay\u0131f an\u0131, onun \u00fczerinden en fazla kazan\u00e7 elde edilecek an olmamal\u0131d\u0131r.<\/p>\n\n\n\n<p class=\"wp-block-paragraph\">Tam tersine, insan\u0131n en zor zaman\u0131nda yan\u0131nda olunmas\u0131 gereken zamand\u0131r.<\/p>\n\n\n\n<p class=\"wp-block-paragraph\">Belki de toplum olarak yeniden hat\u0131rlamam\u0131z gereken \u015fey budur.<\/p>\n\n\n\n<p class=\"wp-block-paragraph\"><strong>\u0130htiya\u00e7 sahibi olmak su\u00e7 de\u011fildir.<\/strong><\/p>\n\n\n\n<p class=\"wp-block-paragraph\">Bor\u00e7lanmak da insan olman\u0131n d\u0131\u015f\u0131nda bir durum de\u011fildir.<\/p>\n\n\n\n<p class=\"wp-block-paragraph\">Herkes hayat\u0131n\u0131n bir d\u00f6neminde ekonomik s\u0131k\u0131nt\u0131 ya\u015fayabilir.<\/p>\n\n\n\n<p class=\"wp-block-paragraph\">Bug\u00fcn bor\u00e7 isteyen insan, yar\u0131n bor\u00e7 veren insan olabilir.<\/p>\n\n\n\n<p class=\"wp-block-paragraph\">Bug\u00fcn zor durumda olan ki\u015fi, yar\u0131n ba\u015fkas\u0131n\u0131n elinden tutabilir.<\/p>\n\n\n\n<p class=\"wp-block-paragraph\">Fakat \u00e7aresizli\u011fi f\u0131rsata \u00e7evirmek, insan\u0131 yaln\u0131zca bor\u00e7land\u0131rmaz.<\/p>\n\n\n\n<p class=\"wp-block-paragraph\">Onun umudunu da bor\u00e7land\u0131r\u0131r.<\/p>\n\n\n\n<p class=\"wp-block-paragraph\">Bu y\u00fczden tefecilik yaln\u0131zca ekonomik bir su\u00e7 veya hukuki bir mesele olarak g\u00f6r\u00fclmemeli; ayn\u0131 zamanda toplumun vicdan\u0131n\u0131 ilgilendiren ciddi bir sorun olarak ele al\u0131nmal\u0131d\u0131r.<\/p>\n\n\n\n<p class=\"wp-block-paragraph\">\u00c7\u00fcnk\u00fc para kaybedilebilir.<\/p>\n\n\n\n<p class=\"wp-block-paragraph\">Mal yeniden kazan\u0131labilir.<\/p>\n\n\n\n<p class=\"wp-block-paragraph\">Bor\u00e7 zamanla kapanabilir.<\/p>\n\n\n\n<p class=\"wp-block-paragraph\">Ama bir insan\u0131n korku i\u00e7erisinde ge\u00e7irdi\u011fi y\u0131llar\u0131, kaybetti\u011fi huzuru ve ailesiyle birlikte ya\u015fad\u0131\u011f\u0131 s\u0131k\u0131nt\u0131lar\u0131 geri getirmek her zaman m\u00fcmk\u00fcn de\u011fildir.<\/p>\n\n\n\n<p class=\"wp-block-paragraph\">Belki de bu y\u00fczden tefecilik i\u00e7in \u201cbor\u00e7 verme\u201d demek yeterli de\u011fildir.<\/p>\n\n\n\n<p class=\"wp-block-paragraph\">\u00c7\u00fcnk\u00fc baz\u0131 bor\u00e7lar insan\u0131 aya\u011fa kald\u0131r\u0131r.<\/p>\n\n\n\n<p class=\"wp-block-paragraph\">Baz\u0131lar\u0131 ise insan\u0131 daha da a\u015fa\u011f\u0131 \u00e7eker.<\/p>\n\n\n\n<p class=\"wp-block-paragraph\">Aradaki fark ise paran\u0131n miktar\u0131nda de\u011fil, <strong>niyetindedir.<\/strong><\/p>\n\n\n\n<p class=\"wp-block-paragraph\">Ve g\u00fcn\u00fcn sonunda insan\u0131n kendisine sormas\u0131 gereken soru belki de \u015fudur:<\/p>\n\n\n\n<p class=\"wp-block-paragraph\"><strong>Bir ba\u015fkas\u0131n\u0131n \u00e7aresizli\u011finden kazand\u0131\u011f\u0131m para, ger\u00e7ekten kazan\u00e7 m\u0131d\u0131r?<\/strong><\/p>\n\n\n\n<p class=\"wp-block-paragraph\">Bazen toplumlar\u0131n en b\u00fcy\u00fck hastal\u0131klar\u0131, en \u00e7ok konu\u015fulanlar de\u011fil; insanlar\u0131n kan\u0131ksad\u0131\u011f\u0131 ve art\u0131k normal g\u00f6rmeye ba\u015flad\u0131\u011f\u0131 \u015feylerdir.<\/p>\n\n\n\n<p class=\"wp-block-paragraph\">Tefecilik de bunlardan biri.<\/p>\n\n\n\n<p class=\"wp-block-paragraph\">Sessizce b\u00fcy\u00fcr.<\/p>\n\n\n\n<p class=\"wp-block-paragraph\">\u0130nsanlar\u0131n bor\u00e7lar\u0131nda saklan\u0131r.<\/p>\n\n\n\n<p class=\"wp-block-paragraph\">Ailelerin huzurundan eksilir.<\/p>\n\n\n\n<p class=\"wp-block-paragraph\">Ve fark edildi\u011finde \u00e7o\u011fu zaman \u00e7oktan derin bir yaraya d\u00f6n\u00fc\u015fm\u00fc\u015ft\u00fcr.<\/p>\n","protected":false},"excerpt":{"rendered":"<p>G\u00fcn\u00fcm\u00fcz\u00fcn en a\u011f\u0131r sorunlar\u0131ndan biri bazen hastanelerde de\u011fil, insanlar\u0131n \u00e7aresiz kald\u0131\u011f\u0131 anlarda ortaya \u00e7\u0131k\u0131yor. Ad\u0131 belki tek bir kelime: Tefecilik. Ancak bu kelimenin arkas\u0131nda yaln\u0131zca para al\u0131\u015fveri\u015fi yok. Bor\u00e7 var, \u00e7aresizlik var, korku var, bask\u0131 var ve \u00e7o\u011fu zaman \u00e7\u0131k\u0131\u015f\u0131 olmayan bir d\u00f6ng\u00fc var. \u0130nsan bazen hayat\u0131n\u0131n hi\u00e7 beklemedi\u011fi bir an\u0131nda paraya ihtiya\u00e7 duyar. Bir [&hellip;]<\/p>\n","protected":false},"author":1,"featured_media":347,"comment_status":"open","ping_status":"open","sticky":false,"template":"","format":"standard","meta":{"jnews-multi-image_gallery":[],"jnews_single_post":{"format":"standard"},"jnews_primary_category":[],"jnews_social_meta":[],"jnews_review":[],"enable_review":"","type":"","name":"","summary":"","brand":"","sku":"","good":[],"bad":[],"score_override":"","override_value":"","rating":[],"price":[],"jnews_override_counter":[],"jnews_post_split":[],"footnotes":""},"categories":[1],"tags":[],"class_list":["post-346","post","type-post","status-publish","format-standard","has-post-thumbnail","hentry","category-genel"],"_links":{"self":[{"href":"https:\/\/www.knn.net.tr\/index.php\/wp-json\/wp\/v2\/posts\/346","targetHints":{"allow":["GET"]}}],"collection":[{"href":"https:\/\/www.knn.net.tr\/index.php\/wp-json\/wp\/v2\/posts"}],"about":[{"href":"https:\/\/www.knn.net.tr\/index.php\/wp-json\/wp\/v2\/types\/post"}],"author":[{"embeddable":true,"href":"https:\/\/www.knn.net.tr\/index.php\/wp-json\/wp\/v2\/users\/1"}],"replies":[{"embeddable":true,"href":"https:\/\/www.knn.net.tr\/index.php\/wp-json\/wp\/v2\/comments?post=346"}],"version-history":[{"count":1,"href":"https:\/\/www.knn.net.tr\/index.php\/wp-json\/wp\/v2\/posts\/346\/revisions"}],"predecessor-version":[{"id":348,"href":"https:\/\/www.knn.net.tr\/index.php\/wp-json\/wp\/v2\/posts\/346\/revisions\/348"}],"wp:featuredmedia":[{"embeddable":true,"href":"https:\/\/www.knn.net.tr\/index.php\/wp-json\/wp\/v2\/media\/347"}],"wp:attachment":[{"href":"https:\/\/www.knn.net.tr\/index.php\/wp-json\/wp\/v2\/media?parent=346"}],"wp:term":[{"taxonomy":"category","embeddable":true,"href":"https:\/\/www.knn.net.tr\/index.php\/wp-json\/wp\/v2\/categories?post=346"},{"taxonomy":"post_tag","embeddable":true,"href":"https:\/\/www.knn.net.tr\/index.php\/wp-json\/wp\/v2\/tags?post=346"}],"curies":[{"name":"wp","href":"https:\/\/api.w.org\/{rel}","templated":true}]}}