{"id":341,"date":"2026-08-24T17:47:32","date_gmt":"2026-08-24T14:47:32","guid":{"rendered":"https:\/\/www.knn.net.tr\/?p=341"},"modified":"2026-08-24T17:47:32","modified_gmt":"2026-08-24T14:47:32","slug":"bazi-insanlar-yaptiklariyla-degil-yapmadiklariyla-yorar","status":"publish","type":"post","link":"https:\/\/www.knn.net.tr\/index.php\/2026\/08\/24\/bazi-insanlar-yaptiklariyla-degil-yapmadiklariyla-yorar\/","title":{"rendered":"Baz\u0131 \u0130nsanlar Yapt\u0131klar\u0131yla De\u011fil, Yapmad\u0131klar\u0131yla Yorar"},"content":{"rendered":"\n<p class=\"wp-block-paragraph\">Hayatta insan\u0131 yoran \u015fey her zaman yap\u0131lan i\u015fin kendisi de\u011fildir.<\/p>\n\n\n\n<p class=\"wp-block-paragraph\">Bazen bir i\u015fin zorlu\u011fu, yo\u011funlu\u011fu ya da gerektirdi\u011fi emek sizi hi\u00e7 yormaz da, o i\u015fin i\u00e7inde bulunan bir insan\u0131n kendi sorumlulu\u011funu fark etmemesi sizi fazlas\u0131yla t\u00fcketir.<\/p>\n\n\n\n<p class=\"wp-block-paragraph\">\u00c7\u00fcnk\u00fc baz\u0131 insanlar vard\u0131r; ne yapt\u0131\u011f\u0131n\u0131n, ne yapmas\u0131 gerekti\u011finin ve yapt\u0131\u011f\u0131 \u015feyin ba\u015fkas\u0131na nas\u0131l bir y\u00fck olu\u015fturdu\u011funun fark\u0131nda de\u011fildir.<\/p>\n\n\n\n<p class=\"wp-block-paragraph\">\u00dcstelik bunu k\u00f6t\u00fc niyetle de yapm\u0131yor olabilir.<\/p>\n\n\n\n<p class=\"wp-block-paragraph\">Belki ger\u00e7ekten fark\u0131nda de\u011fildir.<\/p>\n\n\n\n<p class=\"wp-block-paragraph\">Ama sonu\u00e7 de\u011fi\u015fmez.<\/p>\n\n\n\n<p class=\"wp-block-paragraph\">Sen bir i\u015fi olmas\u0131 gerekti\u011fi \u015fekilde yapmak i\u00e7in u\u011fra\u015f\u0131rken, onun anlamas\u0131 gereken \u015feyi anlatmak, tekrar tekrar telkinde bulunmak, neyin nas\u0131l yap\u0131lmas\u0131 gerekti\u011fini a\u00e7\u0131klamak ve hatta bazen onun yapmas\u0131 gerekeni de \u00fcstlenmek zorunda kal\u0131rs\u0131n.<\/p>\n\n\n\n<p class=\"wp-block-paragraph\">\u0130\u015fte insan\u0131 as\u0131l yoran biraz da budur.<\/p>\n\n\n\n<p class=\"wp-block-paragraph\">Bir i\u015f yap\u0131lacakt\u0131r.<\/p>\n\n\n\n<p class=\"wp-block-paragraph\">\u0130\u015fin bir mahiyeti vard\u0131r.<\/p>\n\n\n\n<p class=\"wp-block-paragraph\">Nas\u0131l yap\u0131laca\u011f\u0131 bellidir.<\/p>\n\n\n\n<p class=\"wp-block-paragraph\">Nereden ba\u015flanaca\u011f\u0131, neyin ne zaman yap\u0131laca\u011f\u0131, hangi davran\u0131\u015f\u0131n i\u015fi kolayla\u015ft\u0131raca\u011f\u0131 asl\u0131nda ortadad\u0131r.<\/p>\n\n\n\n<p class=\"wp-block-paragraph\">Sen bunu anlat\u0131rs\u0131n.<\/p>\n\n\n\n<p class=\"wp-block-paragraph\">\u00dcstelik bir defa da de\u011fil.<\/p>\n\n\n\n<p class=\"wp-block-paragraph\">Telkin edersin, yol g\u00f6sterirsin, kolay olan\u0131 anlat\u0131rs\u0131n.<\/p>\n\n\n\n<p class=\"wp-block-paragraph\">Fakat kar\u015f\u0131ndaki insan, i\u015fi kolayla\u015ft\u0131racak bir davran\u0131\u015fta bulunmak yerine, fark\u0131nda olarak ya da olmayarak i\u015fi daha da zorla\u015ft\u0131r\u0131r.<\/p>\n\n\n\n<p class=\"wp-block-paragraph\">Sonra sen yeniden anlat\u0131rs\u0131n.<\/p>\n\n\n\n<p class=\"wp-block-paragraph\">Yeniden d\u00fczeltmeye \u00e7al\u0131\u015f\u0131rs\u0131n.<\/p>\n\n\n\n<p class=\"wp-block-paragraph\">Yeniden sabredersin.<\/p>\n\n\n\n<p class=\"wp-block-paragraph\">Bir s\u00fcre sonra ortada yap\u0131lmas\u0131 gereken i\u015ften \u00e7ok, <strong>insana anlat\u0131lmas\u0131 gereken \u015feyler<\/strong> kal\u0131r.<\/p>\n\n\n\n<p class=\"wp-block-paragraph\">Ve i\u015fte tam burada insan yorulmaya ba\u015flar.<\/p>\n\n\n\n<p class=\"wp-block-paragraph\">\u00c7\u00fcnk\u00fc insan bazen bir i\u015fi yapmaktan de\u011fil, ayn\u0131 \u015feyi defalarca anlatmak zorunda kalmaktan yorulur.<\/p>\n\n\n\n<p class=\"wp-block-paragraph\">Asl\u0131nda bekledi\u011fin \u00e7ok b\u00fcy\u00fck bir \u015fey de\u011fildir.<\/p>\n\n\n\n<p class=\"wp-block-paragraph\">Kar\u015f\u0131ndaki insan\u0131n kendi sorumlulu\u011funu fark etmesini istersin.<\/p>\n\n\n\n<p class=\"wp-block-paragraph\">Her \u015feyi senin d\u00fc\u015f\u00fcnmeni, senin planlaman\u0131, senin hat\u0131rlatman\u0131, senin d\u00fczeltmeni beklemesin istersin.<\/p>\n\n\n\n<p class=\"wp-block-paragraph\">\u00c7\u00fcnk\u00fc herkesin kendi davran\u0131\u015f\u0131n\u0131n bir sonucu vard\u0131r.<\/p>\n\n\n\n<p class=\"wp-block-paragraph\">Herkesin kendi d\u00fc\u015f\u00fcncesinin bir sorumlulu\u011fu vard\u0131r.<\/p>\n\n\n\n<p class=\"wp-block-paragraph\">Ve herkesin yapt\u0131\u011f\u0131 ya da yapmad\u0131\u011f\u0131 \u015fey, bir \u015fekilde bir ba\u015fkas\u0131n\u0131n hayat\u0131na dokunur.<\/p>\n\n\n\n<p class=\"wp-block-paragraph\">Bunu anlamak \u00e7ok zor olmamal\u0131 diye d\u00fc\u015f\u00fcn\u00fcrs\u00fcn.<\/p>\n\n\n\n<p class=\"wp-block-paragraph\">Ama bazen zor oldu\u011funu g\u00f6r\u00fcrs\u00fcn.<\/p>\n\n\n\n<p class=\"wp-block-paragraph\">\u0130\u015fte o zaman insan\u0131n i\u00e7inde garip bir duygu olu\u015fur.<\/p>\n\n\n\n<p class=\"wp-block-paragraph\">K\u0131zg\u0131nl\u0131kla k\u0131rg\u0131nl\u0131k aras\u0131nda bir yerde duran, ama asl\u0131nda ikisinden de biraz daha farkl\u0131 olan bir duygu&#8230;<\/p>\n\n\n\n<p class=\"wp-block-paragraph\">\u201cBunu ger\u00e7ekten benim s\u00f6ylemem mi gerekiyor?\u201d dersin kendi kendine.<\/p>\n\n\n\n<p class=\"wp-block-paragraph\">\u00c7\u00fcnk\u00fc baz\u0131 \u015feylerin s\u00f6ylenmesine gerek olmad\u0131\u011f\u0131n\u0131 d\u00fc\u015f\u00fcn\u00fcrs\u00fcn.<\/p>\n\n\n\n<p class=\"wp-block-paragraph\">Baz\u0131 davran\u0131\u015flar\u0131n insan\u0131n kendi akl\u0131yla fark\u0131na varmas\u0131 gerekti\u011fine inan\u0131rs\u0131n.<\/p>\n\n\n\n<p class=\"wp-block-paragraph\">Bir i\u015fin i\u00e7inde olan insan, o i\u015fin nas\u0131l daha kolay yap\u0131labilece\u011fini biraz d\u00fc\u015f\u00fcnmeli diye beklersin.<\/p>\n\n\n\n<p class=\"wp-block-paragraph\">Fakat beklentiye girdi\u011fin yerde hayal k\u0131r\u0131kl\u0131\u011f\u0131 ba\u015flar.<\/p>\n\n\n\n<p class=\"wp-block-paragraph\">Belki de insanlar\u0131 en fazla yoran \u015feylerden biri budur:<\/p>\n\n\n\n<p class=\"wp-block-paragraph\"><strong>Kar\u015f\u0131ndaki insandan, onun kendili\u011finden fark etmesini bekledi\u011fin bir \u015feyi s\u00fcrekli olarak ona anlatmak zorunda kalmak.<\/strong><\/p>\n\n\n\n<p class=\"wp-block-paragraph\">Bir s\u00fcre sonra anlatmaktan vazge\u00e7ersin.<\/p>\n\n\n\n<p class=\"wp-block-paragraph\">\u00c7\u00fcnk\u00fc anlatman\u0131n da bir s\u0131n\u0131r\u0131 vard\u0131r.<\/p>\n\n\n\n<p class=\"wp-block-paragraph\">\u0130nsan bir ba\u015fkas\u0131n\u0131n d\u00fc\u015f\u00fcnme sorumlulu\u011funu sonsuza kadar ta\u015f\u0131yamaz.<\/p>\n\n\n\n<p class=\"wp-block-paragraph\">Bir yere kadar yard\u0131mc\u0131 olabilirsin.<\/p>\n\n\n\n<p class=\"wp-block-paragraph\">Bir yere kadar anlatabilirsin.<\/p>\n\n\n\n<p class=\"wp-block-paragraph\">Bir yere kadar telkinde bulunabilirsin.<\/p>\n\n\n\n<p class=\"wp-block-paragraph\">Ama bir noktadan sonra, kar\u015f\u0131ndaki insan\u0131n da kendi pay\u0131na d\u00fc\u015feni yapmas\u0131 gerekir.<\/p>\n\n\n\n<p class=\"wp-block-paragraph\">\u00c7\u00fcnk\u00fc hayat\u0131n her alan\u0131nda oldu\u011fu gibi, ili\u015fkilerde de sorumluluk payla\u015f\u0131lmad\u0131\u011f\u0131nda y\u00fck tek bir ki\u015finin \u00fczerinde birikmeye ba\u015flar.<\/p>\n\n\n\n<p class=\"wp-block-paragraph\">Ve o y\u00fck zamanla yaln\u0131zca yap\u0131lan i\u015fin y\u00fck\u00fc olmaktan \u00e7\u0131kar.<\/p>\n\n\n\n<p class=\"wp-block-paragraph\">\u0130nsan\u0131n sabr\u0131n\u0131 yorar.<\/p>\n\n\n\n<p class=\"wp-block-paragraph\">Tahamm\u00fcl\u00fcn\u00fc azalt\u0131r.<\/p>\n\n\n\n<p class=\"wp-block-paragraph\">\u0130\u00e7indeki iyi niyeti bile sorgulat\u0131r.<\/p>\n\n\n\n<p class=\"wp-block-paragraph\">En k\u00f6t\u00fcs\u00fc de bazen, asl\u0131nda k\u0131zmad\u0131\u011f\u0131n bir insana k\u0131zmaya ba\u015flars\u0131n.<\/p>\n\n\n\n<p class=\"wp-block-paragraph\">\u00c7\u00fcnk\u00fc onun yapt\u0131\u011f\u0131 tek bir \u015fey de\u011fil, <strong>yapmas\u0131 gerekti\u011fi halde s\u00fcrekli yapmad\u0131\u011f\u0131 \u015feyler<\/strong> birikmi\u015ftir.<\/p>\n\n\n\n<p class=\"wp-block-paragraph\">Belki de bu y\u00fczden baz\u0131 insanlar bizi yapt\u0131klar\u0131yla de\u011fil, yapmad\u0131klar\u0131yla yorar.<\/p>\n\n\n\n<p class=\"wp-block-paragraph\">Bir i\u015fi zorla\u015ft\u0131rd\u0131klar\u0131 i\u00e7in de\u011fil yaln\u0131zca; kolayla\u015ft\u0131rabilecekleri halde bunu d\u00fc\u015f\u00fcnmedikleri i\u00e7in&#8230;<\/p>\n\n\n\n<p class=\"wp-block-paragraph\">Sorumluluklar\u0131 oldu\u011fu halde bunu g\u00f6rmedikleri i\u00e7in&#8230;<\/p>\n\n\n\n<p class=\"wp-block-paragraph\">Senin y\u00fck\u00fcn\u00fc biraz olsun hafifletebilecekken, fark\u0131nda olmadan o y\u00fck\u00fcn bir k\u0131sm\u0131n\u0131 sana daha fazla y\u00fckledikleri i\u00e7in&#8230;<\/p>\n\n\n\n<p class=\"wp-block-paragraph\">Ve insan\u0131n bir noktadan sonra istedi\u011fi tek \u015fey \u015fudur:<\/p>\n\n\n\n<p class=\"wp-block-paragraph\">Her \u015feyi anlatmak zorunda kalmamak.<\/p>\n\n\n\n<p class=\"wp-block-paragraph\">Her davran\u0131\u015f\u0131 tarif etmemek.<\/p>\n\n\n\n<p class=\"wp-block-paragraph\">Her ihtimali \u00f6nceden d\u00fc\u015f\u00fcnmemek.<\/p>\n\n\n\n<p class=\"wp-block-paragraph\">Her hatay\u0131 d\u00fczeltmek zorunda kalmamak.<\/p>\n\n\n\n<p class=\"wp-block-paragraph\">Kar\u015f\u0131s\u0131ndaki insan\u0131n da biraz d\u00fc\u015f\u00fcn\u00fcp, biraz fark edip, biraz sorumluluk almas\u0131&#8230;<\/p>\n\n\n\n<p class=\"wp-block-paragraph\">Belki mesele bundan ibarettir.<\/p>\n\n\n\n<p class=\"wp-block-paragraph\">\u00c7\u00fcnk\u00fc hayat zaten yeterince yorucu.<\/p>\n\n\n\n<p class=\"wp-block-paragraph\">\u0130nsanlar\u0131n birbirlerinin y\u00fck\u00fcn\u00fc art\u0131rmak yerine, m\u00fcmk\u00fcn oldu\u011funca azaltmas\u0131 gerekir.<\/p>\n\n\n\n<p class=\"wp-block-paragraph\">Benim i\u00e7in as\u0131l mesele de tam olarak burada ba\u015fl\u0131yor.<\/p>\n\n\n\n<p class=\"wp-block-paragraph\">Kimse m\u00fckemmel olmak zorunda de\u011fil.<\/p>\n\n\n\n<p class=\"wp-block-paragraph\">Kimse her \u015feyi do\u011fru yapmak zorunda da de\u011fil.<\/p>\n\n\n\n<p class=\"wp-block-paragraph\">Ama insan, kendi davran\u0131\u015flar\u0131n\u0131n ba\u015fkas\u0131na ne hissettirdi\u011fini ve ne kadar y\u00fck olu\u015fturdu\u011funu fark etmeye \u00e7al\u0131\u015fmal\u0131.<\/p>\n\n\n\n<p class=\"wp-block-paragraph\">\u00c7\u00fcnk\u00fc bazen bir insan\u0131n senden istedi\u011fi yard\u0131m de\u011fildir.<\/p>\n\n\n\n<p class=\"wp-block-paragraph\">Sadece <strong>yard\u0131m etmek zorunda b\u0131rak\u0131lmamakt\u0131r.<\/strong><\/p>\n\n\n\n<p class=\"wp-block-paragraph\">Ve belki de insan ili\u015fkilerinde en b\u00fcy\u00fck inceliklerden biri budur:<\/p>\n\n\n\n<p class=\"wp-block-paragraph\">Kar\u015f\u0131ndaki insan\u0131n hayat\u0131n\u0131 kolayla\u015ft\u0131rmak i\u00e7in her zaman b\u00fcy\u00fck \u015feyler yapmana gerek yoktur.<\/p>\n\n\n\n<p class=\"wp-block-paragraph\">Bazen sadece \u00fczerine d\u00fc\u015feni zaman\u0131nda yapmak yeterlidir.<\/p>\n\n\n\n<p class=\"wp-block-paragraph\">Bazen d\u00fc\u015f\u00fcnmek yeterlidir.<\/p>\n\n\n\n<p class=\"wp-block-paragraph\">Bazen bir ad\u0131m \u00f6nden davranmak&#8230;<\/p>\n\n\n\n<p class=\"wp-block-paragraph\">Bazen de kar\u015f\u0131ndaki insan\u0131n zaten yeterince yoruldu\u011funu fark etmek.<\/p>\n\n\n\n<p class=\"wp-block-paragraph\">\u00c7\u00fcnk\u00fc baz\u0131 insanlar senden hi\u00e7bir \u015fey istemez.<\/p>\n\n\n\n<p class=\"wp-block-paragraph\">Sadece seni daha fazla yormamalar\u0131n\u0131 bekler.<\/p>\n\n\n\n<p class=\"wp-block-paragraph\">Ve bence bu, istenebilecek en makul \u015feylerden biridir.<\/p>\n","protected":false},"excerpt":{"rendered":"<p>Hayatta insan\u0131 yoran \u015fey her zaman yap\u0131lan i\u015fin kendisi de\u011fildir. Bazen bir i\u015fin zorlu\u011fu, yo\u011funlu\u011fu ya da gerektirdi\u011fi emek sizi hi\u00e7 yormaz da, o i\u015fin i\u00e7inde bulunan bir insan\u0131n kendi sorumlulu\u011funu fark etmemesi sizi fazlas\u0131yla t\u00fcketir. \u00c7\u00fcnk\u00fc baz\u0131 insanlar vard\u0131r; ne yapt\u0131\u011f\u0131n\u0131n, ne yapmas\u0131 gerekti\u011finin ve yapt\u0131\u011f\u0131 \u015feyin ba\u015fkas\u0131na nas\u0131l bir y\u00fck olu\u015fturdu\u011funun fark\u0131nda de\u011fildir. [&hellip;]<\/p>\n","protected":false},"author":1,"featured_media":294,"comment_status":"open","ping_status":"open","sticky":false,"template":"","format":"standard","meta":{"jnews-multi-image_gallery":[],"jnews_single_post":{"format":"standard"},"jnews_primary_category":[],"jnews_social_meta":[],"jnews_review":[],"enable_review":"","type":"","name":"","summary":"","brand":"","sku":"","good":[],"bad":[],"score_override":"","override_value":"","rating":[],"price":[],"jnews_override_counter":[],"jnews_post_split":[],"footnotes":""},"categories":[1],"tags":[],"class_list":["post-341","post","type-post","status-publish","format-standard","has-post-thumbnail","hentry","category-genel"],"_links":{"self":[{"href":"https:\/\/www.knn.net.tr\/index.php\/wp-json\/wp\/v2\/posts\/341","targetHints":{"allow":["GET"]}}],"collection":[{"href":"https:\/\/www.knn.net.tr\/index.php\/wp-json\/wp\/v2\/posts"}],"about":[{"href":"https:\/\/www.knn.net.tr\/index.php\/wp-json\/wp\/v2\/types\/post"}],"author":[{"embeddable":true,"href":"https:\/\/www.knn.net.tr\/index.php\/wp-json\/wp\/v2\/users\/1"}],"replies":[{"embeddable":true,"href":"https:\/\/www.knn.net.tr\/index.php\/wp-json\/wp\/v2\/comments?post=341"}],"version-history":[{"count":1,"href":"https:\/\/www.knn.net.tr\/index.php\/wp-json\/wp\/v2\/posts\/341\/revisions"}],"predecessor-version":[{"id":342,"href":"https:\/\/www.knn.net.tr\/index.php\/wp-json\/wp\/v2\/posts\/341\/revisions\/342"}],"wp:featuredmedia":[{"embeddable":true,"href":"https:\/\/www.knn.net.tr\/index.php\/wp-json\/wp\/v2\/media\/294"}],"wp:attachment":[{"href":"https:\/\/www.knn.net.tr\/index.php\/wp-json\/wp\/v2\/media?parent=341"}],"wp:term":[{"taxonomy":"category","embeddable":true,"href":"https:\/\/www.knn.net.tr\/index.php\/wp-json\/wp\/v2\/categories?post=341"},{"taxonomy":"post_tag","embeddable":true,"href":"https:\/\/www.knn.net.tr\/index.php\/wp-json\/wp\/v2\/tags?post=341"}],"curies":[{"name":"wp","href":"https:\/\/api.w.org\/{rel}","templated":true}]}}