{"id":1,"date":"2026-08-19T17:35:50","date_gmt":"2026-08-19T14:35:50","guid":{"rendered":"https:\/\/www.knn.net.tr\/?p=1"},"modified":"2026-08-24T17:16:58","modified_gmt":"2026-08-24T14:16:58","slug":"merhaba-dunya","status":"publish","type":"post","link":"https:\/\/www.knn.net.tr\/index.php\/2026\/08\/19\/merhaba-dunya\/","title":{"rendered":"Kendimce Neden Nas\u0131l"},"content":{"rendered":"\n<h2 class=\"wp-block-heading\">Uzun zamand\u0131r yapmak istedi\u011fim bir \u015feyi art\u0131k yapmaya karar verdim.Nas\u0131l olur, nereye var\u0131r, kimlere ula\u015f\u0131r bilmiyorum. Belki zaman zaman yanl\u0131\u015f d\u00fc\u015f\u00fcnecek, belki abartacak, belki de tam yerinde bir \u015fey s\u00f6yleyece\u011fim. Bazen kendimle \u00e7eli\u015fecek, bazen bug\u00fcn savundu\u011fum bir d\u00fc\u015f\u00fcnceyi yar\u0131n de\u011fi\u015ftirece\u011fim. Ama bunun, insan olman\u0131n do\u011fal bir par\u00e7as\u0131 oldu\u011funu d\u00fc\u015f\u00fcn\u00fcyorum.<\/h2>\n\n\n\n<p class=\"wp-block-paragraph\">Hayata ve insanlara bak\u0131\u015f a\u00e7\u0131m\u0131; do\u011fay\u0131, sosyal hayat\u0131, sanat\u0131, mizah\u0131 ve k\u0131sacas\u0131 <strong>hayata dair ne varsa<\/strong>, zaman\u0131 ve yeri geldi\u011finde kendi duygu, d\u00fc\u015f\u00fcnce ve bak\u0131\u015f a\u00e7\u0131m do\u011frultusunda ele almaya ve ifade etmeye \u00e7al\u0131\u015faca\u011f\u0131m.<\/p>\n\n\n\n<p class=\"wp-block-paragraph\">Belki de hepimizin yapmak isteyip bir t\u00fcrl\u00fc cesaret edemedi\u011fi bir ba\u015flang\u0131c\u0131n kendisi olacak bu.<\/p>\n\n\n\n<p class=\"wp-block-paragraph\">\u00c7\u00fcnk\u00fc \u00e7o\u011fu zaman bir \u015fey yapmak istedi\u011fimizde kendimizden \u00f6nce ba\u015fkalar\u0131n\u0131 d\u00fc\u015f\u00fcn\u00fcr\u00fcz.<\/p>\n\n\n\n<p class=\"wp-block-paragraph\"><em>\u201cO ne der?\u201d<\/em><br><em>\u201cBu ne d\u00fc\u015f\u00fcn\u00fcr?\u201d<\/em><br><em>\u201cKim ne s\u00f6yler?\u201d<\/em><br><em>\u201cB\u00f6yle yaparsam nas\u0131l kar\u015f\u0131lan\u0131r?\u201d<\/em><\/p>\n\n\n\n<p class=\"wp-block-paragraph\">Bazen de insanlar\u0131n ne s\u00f6ylemesi, nas\u0131l davranmas\u0131 veya ne d\u00fc\u015f\u00fcnmesi gerekti\u011fini kendimiz belirlemeye \u00e7al\u0131\u015f\u0131r\u0131z.<\/p>\n\n\n\n<p class=\"wp-block-paragraph\">Oysa hayat\u0131n b\u00f6yle i\u015flemedi\u011fini zamanla \u00f6\u011freniyoruz.<\/p>\n\n\n\n<p class=\"wp-block-paragraph\">Hayat, her \u015feyi kendi istedi\u011fimiz gibi \u015fekillendirebilece\u011fimiz bir alan de\u011fil. \u0130nsanlar\u0131 kendimize g\u00f6re ya\u015fayamay\u0131z. Onlar\u0131n d\u00fc\u015f\u00fcncelerini, duygular\u0131n\u0131, se\u00e7imlerini ve hayatlar\u0131n\u0131 kendi do\u011frular\u0131m\u0131za g\u00f6re d\u00fczenleyemeyiz. Dahas\u0131, \u00e7o\u011fu zaman kendi hayat\u0131m\u0131z\u0131 bile istedi\u011fimiz gibi kontrol edemeyiz.<\/p>\n\n\n\n<p class=\"wp-block-paragraph\">Bunu kimi zaman fark\u0131nda olmadan, kimi zaman da biraz ge\u00e7 fark ediyoruz.<\/p>\n\n\n\n<p class=\"wp-block-paragraph\">Benim burada yapmaya \u00e7al\u0131\u015faca\u011f\u0131m \u015fey ise kimseye ne d\u00fc\u015f\u00fcnmesi gerekti\u011fini anlatmak olmayacak.<\/p>\n\n\n\n<p class=\"wp-block-paragraph\">\u00d6zg\u00fcn duygu, d\u00fc\u015f\u00fcnce ve i\u00e7eriklerin a\u011f\u0131rl\u0131kl\u0131 olaca\u011f\u0131 bu alanda yazd\u0131klar\u0131m\u0131n herkes i\u00e7in bir anlam ifade etmeyece\u011finin de fark\u0131nday\u0131m. Zaten b\u00f6yle bir beklentim de yok.<\/p>\n\n\n\n<p class=\"wp-block-paragraph\">\u00c7\u00fcnk\u00fc burada anlatacaklar\u0131m; benim d\u00fc\u015f\u00fcncelerim, benim duygular\u0131m, benim g\u00f6zlemlerim ve benim hayata bak\u0131\u015f a\u00e7\u0131mdan ibaret olacak.<\/p>\n\n\n\n<p class=\"wp-block-paragraph\">Bu nedenle bunu biraz da <strong>sadelik ad\u0131na at\u0131lm\u0131\u015f bir ad\u0131m<\/strong> olarak g\u00f6r\u00fcyorum.<\/p>\n\n\n\n<p class=\"wp-block-paragraph\">Kim oldu\u011fumu, ne yapt\u0131\u011f\u0131m\u0131 ya da \u00f6zel hayat\u0131ma ili\u015fkin ayr\u0131nt\u0131lar\u0131 anlatmak gibi bir niyetim yok. Bunlar\u0131n burada \u00e7ok da \u00f6nemli oldu\u011funu d\u00fc\u015f\u00fcnm\u00fcyorum.<\/p>\n\n\n\n<p class=\"wp-block-paragraph\">As\u0131l \u00f6nemli olan\u0131n; duygu, d\u00fc\u015f\u00fcnce, fikir ve perspektiflerimizin ortak bir noktada bulu\u015fup bulu\u015famayaca\u011f\u0131 oldu\u011funa inan\u0131yorum.<\/p>\n\n\n\n<p class=\"wp-block-paragraph\">Fakat ortak bir perspektifte bulu\u015fmak ad\u0131na kendimi de\u011fi\u015ftirmeyece\u011fim.<\/p>\n\n\n\n<p class=\"wp-block-paragraph\">Oldu\u011fu gibi duran bir \u015feyi farkl\u0131 g\u00f6stermeye, farkl\u0131 oldu\u011funu d\u00fc\u015f\u00fcnd\u00fc\u011f\u00fcm bir \u015feyi de s\u0131radanla\u015ft\u0131rmaya \u00e7al\u0131\u015fmayaca\u011f\u0131m. \u00c7\u00fcnk\u00fc bunun tamamen \u00f6znel bir durum oldu\u011funun fark\u0131nday\u0131m.<\/p>\n\n\n\n<p class=\"wp-block-paragraph\">Bir \u015feyin bende olu\u015fturdu\u011fu anlam ile bir ba\u015fkas\u0131nda olu\u015fturdu\u011fu anlam ayn\u0131 olmak zorunda de\u011fil.<\/p>\n\n\n\n<p class=\"wp-block-paragraph\">Ayn\u0131 manzaraya bak\u0131p farkl\u0131 \u015feyler g\u00f6rebiliriz.<\/p>\n\n\n\n<p class=\"wp-block-paragraph\">Ayn\u0131 olay\u0131 ya\u015fay\u0131p farkl\u0131 sonu\u00e7lar \u00e7\u0131karabiliriz.<\/p>\n\n\n\n<p class=\"wp-block-paragraph\">Ayn\u0131 c\u00fcmleyi duyup birbirinden tamamen farkl\u0131 duygular hissedebiliriz.<\/p>\n\n\n\n<p class=\"wp-block-paragraph\">Bence insan olman\u0131n en g\u00fczel taraflar\u0131ndan biri de tam olarak budur.<\/p>\n\n\n\n<p class=\"wp-block-paragraph\">Farkl\u0131 d\u00fc\u015f\u00fcnebilmek, farkl\u0131 hissedebilmek ve buna ra\u011fmen birbirimizin d\u00fc\u015f\u00fcncelerine sayg\u0131 g\u00f6sterebilmek&#8230;<\/p>\n\n\n\n<p class=\"wp-block-paragraph\">Ben de burada bunu yapmaya \u00e7al\u0131\u015faca\u011f\u0131m.<\/p>\n\n\n\n<p class=\"wp-block-paragraph\">Kendimce nedenini ve nas\u0131l\u0131n\u0131 sorgulayacak, g\u00f6rd\u00fcklerimi kendi penceremden anlatacak, bazen g\u00fclecek, bazen d\u00fc\u015f\u00fcnd\u00fcrecek, bazen de belki hi\u00e7 kimsenin ho\u015funa gitmeyecek \u015feyler s\u00f6yleyece\u011fim.<\/p>\n\n\n\n<p class=\"wp-block-paragraph\">Ama bunu birilerine kendimi kabul ettirmek i\u00e7in de\u011fil, <strong>kendimi ifade edebilmek i\u00e7in<\/strong> yapaca\u011f\u0131m.<\/p>\n\n\n\n<p class=\"wp-block-paragraph\">\u00c7\u00fcnk\u00fc \u201cKendimce Neden ve Nas\u0131l\u201d benim i\u00e7in yaln\u0131zca bir ba\u015fl\u0131k de\u011fil.<\/p>\n\n\n\n<p class=\"wp-block-paragraph\">Bir bak\u0131\u015f a\u00e7\u0131s\u0131.<\/p>\n\n\n\n<p class=\"wp-block-paragraph\">Bir sorgulama bi\u00e7imi.<\/p>\n\n\n\n<p class=\"wp-block-paragraph\">Ve belki de uzun zamand\u0131r ertelenen bir ba\u015flang\u0131\u00e7&#8230;<\/p>\n\n\n\n<p class=\"wp-block-paragraph\">Ne kadar do\u011fru, ne kadar yanl\u0131\u015f oldu\u011funu zaman g\u00f6sterecek.<\/p>\n\n\n\n<p class=\"wp-block-paragraph\">Ben ise sadece g\u00f6rd\u00fc\u011f\u00fcm\u00fc, d\u00fc\u015f\u00fcnd\u00fc\u011f\u00fcm\u00fc ve hissetti\u011fimi; <strong>kendimce neden ve nas\u0131l ise \u00f6yle anlatmaya \u00e7al\u0131\u015faca\u011f\u0131m.<\/strong><\/p>\n","protected":false},"excerpt":{"rendered":"<p>Uzun zamand\u0131r yapmak istedi\u011fim bir \u015feyi art\u0131k yapmaya karar verdim.Nas\u0131l olur, nereye var\u0131r, kimlere ula\u015f\u0131r bilmiyorum. Belki zaman zaman yanl\u0131\u015f d\u00fc\u015f\u00fcnecek, belki abartacak, belki de tam yerinde bir \u015fey s\u00f6yleyece\u011fim. Bazen kendimle \u00e7eli\u015fecek, bazen bug\u00fcn savundu\u011fum bir d\u00fc\u015f\u00fcnceyi yar\u0131n de\u011fi\u015ftirece\u011fim. Ama bunun, insan olman\u0131n do\u011fal bir par\u00e7as\u0131 oldu\u011funu d\u00fc\u015f\u00fcn\u00fcyorum. Hayata ve insanlara bak\u0131\u015f a\u00e7\u0131m\u0131; do\u011fay\u0131, [&hellip;]<\/p>\n","protected":false},"author":1,"featured_media":12,"comment_status":"open","ping_status":"open","sticky":false,"template":"","format":"standard","meta":{"jnews-multi-image_gallery":[],"jnews_single_post":{"format":"standard"},"jnews_primary_category":[],"jnews_social_meta":[],"jnews_review":[],"enable_review":"","type":"","name":"","summary":"","brand":"","sku":"","good":[],"bad":[],"score_override":"","override_value":"","rating":[],"price":[],"jnews_override_counter":[],"jnews_post_split":[],"footnotes":""},"categories":[1],"tags":[],"class_list":["post-1","post","type-post","status-publish","format-standard","has-post-thumbnail","hentry","category-genel"],"_links":{"self":[{"href":"https:\/\/www.knn.net.tr\/index.php\/wp-json\/wp\/v2\/posts\/1","targetHints":{"allow":["GET"]}}],"collection":[{"href":"https:\/\/www.knn.net.tr\/index.php\/wp-json\/wp\/v2\/posts"}],"about":[{"href":"https:\/\/www.knn.net.tr\/index.php\/wp-json\/wp\/v2\/types\/post"}],"author":[{"embeddable":true,"href":"https:\/\/www.knn.net.tr\/index.php\/wp-json\/wp\/v2\/users\/1"}],"replies":[{"embeddable":true,"href":"https:\/\/www.knn.net.tr\/index.php\/wp-json\/wp\/v2\/comments?post=1"}],"version-history":[{"count":5,"href":"https:\/\/www.knn.net.tr\/index.php\/wp-json\/wp\/v2\/posts\/1\/revisions"}],"predecessor-version":[{"id":340,"href":"https:\/\/www.knn.net.tr\/index.php\/wp-json\/wp\/v2\/posts\/1\/revisions\/340"}],"wp:featuredmedia":[{"embeddable":true,"href":"https:\/\/www.knn.net.tr\/index.php\/wp-json\/wp\/v2\/media\/12"}],"wp:attachment":[{"href":"https:\/\/www.knn.net.tr\/index.php\/wp-json\/wp\/v2\/media?parent=1"}],"wp:term":[{"taxonomy":"category","embeddable":true,"href":"https:\/\/www.knn.net.tr\/index.php\/wp-json\/wp\/v2\/categories?post=1"},{"taxonomy":"post_tag","embeddable":true,"href":"https:\/\/www.knn.net.tr\/index.php\/wp-json\/wp\/v2\/tags?post=1"}],"curies":[{"name":"wp","href":"https:\/\/api.w.org\/{rel}","templated":true}]}}